{"id":13870,"date":"2020-08-04T13:09:59","date_gmt":"2020-08-04T13:09:59","guid":{"rendered":"https:\/\/www.radiopresidenteibanez.cl\/web\/?p=13870"},"modified":"2020-08-04T13:10:03","modified_gmt":"2020-08-04T13:10:03","slug":"senadis-y-zona-franca-lanzan-campana-de-recoleccion-de-alimentos-y-juguetes","status":"publish","type":"post","link":"https:\/\/www.radiopresidenteibanez.cl\/web\/senadis-y-zona-franca-lanzan-campana-de-recoleccion-de-alimentos-y-juguetes\/","title":{"rendered":"SENADIS Y ZONA FRANCA LANZAN CAMPA\u00d1A DE RECOLECCI\u00d3N DE ALIMENTOS Y JUGUETES"},"content":{"rendered":"\n<p>A trav\u00e9s de una iniciativa solidaria liderada entre el Servicio Nacional de la Discapacidad (SENADIS) de la Regi\u00f3n de Magallanes y Zona Franca, ayer se realiz\u00f3 el lanzamiento de la campa\u00f1a \u201cYo Te Apa\u00f1o\u201d, destinada a la recolecci\u00f3n de alimentos y juguetes para familias que tengan un integrante en condici\u00f3n de discapacidad.<\/p>\n\n\n\n<p>Para el desarrollo de esta actividad se sum\u00f3 adem\u00e1s el Instituto Nacional de la Juventud (INJUV) de Magallanes y la sede de Punta Arenas del Instituto Profesional Santo Tom\u00e1s, quienes durante la pandemia han trabajado como organizadores y centro de acopio de diversas campa\u00f1as.<\/p>\n\n\n\n<p>Acompa\u00f1ado de la Seremi de Desarrollo Social y Familia, Liz Casanueva, el Director de SENADIS de Magallanes, Iv\u00e1n Gonz\u00e1lez, se\u00f1al\u00f3 que \u201cesta actividad conjunta surgi\u00f3 como resultado de recolectar alimentos y en el contexto del D\u00eda del Ni\u00f1o y Ni\u00f1a reunir juguetes en buen estado, entendiendo que hay familias que tienen alg\u00fan miembro con alg\u00fan tipo de discapacidad que no lo est\u00e1n pasando bien debido a las consecuencias de la pandemia\u201d.&nbsp;&nbsp;<\/p>\n\n\n\n<p>Para el Subgerente comercial de Sociedad de Rentas Inmobiliarias, administradora de Zona Franca, Gonzalo Flores \u201ces un honor llevar a cabo esta nueva cruzada que se extender\u00e1 hasta el 31 de agosto, la cual llega en un momento crucial en que la solidaridad es fundamental. Hoy, en medio de una pandemia que nos ha afectado a muchos niveles, queremos ayudar a diferentes familias que lo necesitan, con alimentos y juguetes para los ni\u00f1os. Invitamos a otras entidades para que puedan sumarse y apoyar en esta linda causa que nos beneficia como comunidad\u201d.<\/p>\n\n\n\n<p>Los cinco puntos de recolecci\u00f3n de alimentos y juguetes en el recinto franco ser\u00e1n: Hall Central, Sala de Venta Rofil y los espacios comerciales de Memo, Super G y Jordan; que adem\u00e1s de ser centros de acopio, contar\u00e1n con las medidas sanitarias exigidas por la autoridad.<\/p>\n","protected":false},"excerpt":{"rendered":"<p>A trav\u00e9s de una iniciativa solidaria liderada entre el Servicio Nacional de la Discapacidad (SENADIS) de la Regi\u00f3n de Magallanes y Zona Franca, ayer se realiz\u00f3 el lanzamiento de la&#8230; <a class=\"read-more\" href=\"https:\/\/www.radiopresidenteibanez.cl\/web\/senadis-y-zona-franca-lanzan-campana-de-recoleccion-de-alimentos-y-juguetes\/\">Leer m\u00e1s<\/a><\/p>\n","protected":false},"author":2,"featured_media":13871,"comment_status":"closed","ping_status":"closed","sticky":false,"template":"","format":"standard","meta":{"footnotes":""},"categories":[1],"tags":[],"class_list":["post-13870","post","type-post","status-publish","format-standard","has-post-thumbnail","hentry","category-cronica"],"_links":{"self":[{"href":"https:\/\/www.radiopresidenteibanez.cl\/web\/wp-json\/wp\/v2\/posts\/13870","targetHints":{"allow":["GET"]}}],"collection":[{"href":"https:\/\/www.radiopresidenteibanez.cl\/web\/wp-json\/wp\/v2\/posts"}],"about":[{"href":"https:\/\/www.radiopresidenteibanez.cl\/web\/wp-json\/wp\/v2\/types\/post"}],"author":[{"embeddable":true,"href":"https:\/\/www.radiopresidenteibanez.cl\/web\/wp-json\/wp\/v2\/users\/2"}],"replies":[{"embeddable":true,"href":"https:\/\/www.radiopresidenteibanez.cl\/web\/wp-json\/wp\/v2\/comments?post=13870"}],"version-history":[{"count":0,"href":"https:\/\/www.radiopresidenteibanez.cl\/web\/wp-json\/wp\/v2\/posts\/13870\/revisions"}],"wp:featuredmedia":[{"embeddable":true,"href":"https:\/\/www.radiopresidenteibanez.cl\/web\/wp-json\/wp\/v2\/media\/13871"}],"wp:attachment":[{"href":"https:\/\/www.radiopresidenteibanez.cl\/web\/wp-json\/wp\/v2\/media?parent=13870"}],"wp:term":[{"taxonomy":"category","embeddable":true,"href":"https:\/\/www.radiopresidenteibanez.cl\/web\/wp-json\/wp\/v2\/categories?post=13870"},{"taxonomy":"post_tag","embeddable":true,"href":"https:\/\/www.radiopresidenteibanez.cl\/web\/wp-json\/wp\/v2\/tags?post=13870"}],"curies":[{"name":"wp","href":"https:\/\/api.w.org\/{rel}","templated":true}]}}