{"id":13864,"date":"2020-08-04T13:06:41","date_gmt":"2020-08-04T13:06:41","guid":{"rendered":"https:\/\/www.radiopresidenteibanez.cl\/web\/?p=13864"},"modified":"2020-08-04T13:06:46","modified_gmt":"2020-08-04T13:06:46","slug":"municipalidad-de-natales-comienza-agosto-con-la-entrega-de-mas-2-mil-canastas-de-alimentos","status":"publish","type":"post","link":"https:\/\/www.radiopresidenteibanez.cl\/web\/municipalidad-de-natales-comienza-agosto-con-la-entrega-de-mas-2-mil-canastas-de-alimentos\/","title":{"rendered":"MUNICIPALIDAD DE NATALES COMIENZA AGOSTO CON LA ENTREGA DE M\u00c1S 2 MIL CANASTAS DE ALIMENTOS"},"content":{"rendered":"\n<p>Como una forma\nde seguir apoyando en diferentes frentes a las familias natalinas afectadas por\nel coronavirus, el alcalde de la comuna junto al gobernador de la provincia\ninformaron el inicio de la entrega de 2.250 nuevas cajas de alimentos para las\nfamilias m\u00e1s vulnerables de Natales.<\/p>\n\n\n\n<p>Las canastas\nse encuentran en el polideportivo municipal y ser\u00e1n entregadas a domicilio por\nfuncionarios municipales y efectivos militares del Destacamento Acorazado N\u00ba5\nLanceros, quienes durante dos semanas entregar\u00e1n las ayudas sociales.<\/p>\n\n\n\n<p>El alcalde Fernando\nParedes, reafirm\u00f3 el compromiso del municipio junto a todos los funcionarios\nmunicipales, el destacamento y la gobernaci\u00f3n. \u201cEn la planificaci\u00f3n de la\nentrega de canastas para este mes de agosto, se aumenta a 2.250 nuevas canastas\nde alimentos que pretendemos entregar a contar de hoy d\u00eda. Agregar que el\nproceso de entrega dado el volumen se va a producir durante la presente semana\npero tambi\u00e9n durante la pr\u00f3xima semana\u201d.<\/p>\n\n\n\n<p>Al respecto,\nel gobernador de la provincia de \u00daltima Esperanza, Ra\u00fal Suazo Mardones,&nbsp; se\u00f1al\u00f3 que se han activado distintos procesos\npara la correcta entrega de ayudas sociales,&nbsp;\n\u201ctodo hasta el minuto ha funcionado tal cual estaba planificado, todas\nlas rendiciones han estado bien y se est\u00e1n activando nuevos procesos, por\nejemplo, el pago de arriendos ya est\u00e1n validado y todo est\u00e1n evolucionando de\nmuy buena manera\u201d.<\/p>\n\n\n\n<p>Al finalizar,\nel edil de Natales record\u00f3 que las personas que recibieron canasta durante el\nmes de junio tambi\u00e9n recibiran este beneficio durante agosto. \u201cEl departamento\nde la Direcci\u00f3n de Desarrollo Comunitario y sus funcionarias ya se encuentran\nllamando a la gente. La idea es producir un aviso a los vecinos y vecinas\nrespecto de los d\u00edas que vamos a estar entregando las canastas, de modo tal que\nlos vecinos puedan estar esperando en sus casas para que se haga la recepci\u00f3n\nde estas canastas\u201d.<\/p>\n\n\n\n<p>Es importante\nrecordar que la Direcci\u00f3n de Desarrollo Comunitario se encuentra atendiendo en\nel Polideportivo Municipal desde hace m\u00e1s de un mes, de lunes a viernes y a\npartir de las 8:00 horas hasta las 13 horas, lugar en donde se puede postular a\nlos distintos aportes y apoyos sociales.<\/p>\n","protected":false},"excerpt":{"rendered":"<p>Como una forma de seguir apoyando en diferentes frentes a las familias natalinas afectadas por el coronavirus, el alcalde de la comuna junto al gobernador de la provincia informaron el&#8230; <a class=\"read-more\" href=\"https:\/\/www.radiopresidenteibanez.cl\/web\/municipalidad-de-natales-comienza-agosto-con-la-entrega-de-mas-2-mil-canastas-de-alimentos\/\">Leer m\u00e1s<\/a><\/p>\n","protected":false},"author":2,"featured_media":13865,"comment_status":"closed","ping_status":"closed","sticky":false,"template":"","format":"standard","meta":{"footnotes":""},"categories":[1],"tags":[],"class_list":["post-13864","post","type-post","status-publish","format-standard","has-post-thumbnail","hentry","category-cronica"],"_links":{"self":[{"href":"https:\/\/www.radiopresidenteibanez.cl\/web\/wp-json\/wp\/v2\/posts\/13864","targetHints":{"allow":["GET"]}}],"collection":[{"href":"https:\/\/www.radiopresidenteibanez.cl\/web\/wp-json\/wp\/v2\/posts"}],"about":[{"href":"https:\/\/www.radiopresidenteibanez.cl\/web\/wp-json\/wp\/v2\/types\/post"}],"author":[{"embeddable":true,"href":"https:\/\/www.radiopresidenteibanez.cl\/web\/wp-json\/wp\/v2\/users\/2"}],"replies":[{"embeddable":true,"href":"https:\/\/www.radiopresidenteibanez.cl\/web\/wp-json\/wp\/v2\/comments?post=13864"}],"version-history":[{"count":0,"href":"https:\/\/www.radiopresidenteibanez.cl\/web\/wp-json\/wp\/v2\/posts\/13864\/revisions"}],"wp:featuredmedia":[{"embeddable":true,"href":"https:\/\/www.radiopresidenteibanez.cl\/web\/wp-json\/wp\/v2\/media\/13865"}],"wp:attachment":[{"href":"https:\/\/www.radiopresidenteibanez.cl\/web\/wp-json\/wp\/v2\/media?parent=13864"}],"wp:term":[{"taxonomy":"category","embeddable":true,"href":"https:\/\/www.radiopresidenteibanez.cl\/web\/wp-json\/wp\/v2\/categories?post=13864"},{"taxonomy":"post_tag","embeddable":true,"href":"https:\/\/www.radiopresidenteibanez.cl\/web\/wp-json\/wp\/v2\/tags?post=13864"}],"curies":[{"name":"wp","href":"https:\/\/api.w.org\/{rel}","templated":true}]}}