{"id":13861,"date":"2020-08-04T13:04:13","date_gmt":"2020-08-04T13:04:13","guid":{"rendered":"https:\/\/www.radiopresidenteibanez.cl\/web\/?p=13861"},"modified":"2020-08-04T13:04:18","modified_gmt":"2020-08-04T13:04:18","slug":"seremi-de-desarrollo-social-y-familia-apoya-la-supervision-de-los-establecimientos-de-adultos-mayores-ante-covid-19","status":"publish","type":"post","link":"https:\/\/www.radiopresidenteibanez.cl\/web\/seremi-de-desarrollo-social-y-familia-apoya-la-supervision-de-los-establecimientos-de-adultos-mayores-ante-covid-19\/","title":{"rendered":"SEREMI DE DESARROLLO SOCIAL Y FAMILIA APOYA LA SUPERVISI\u00d3N DE LOS ESTABLECIMIENTOS DE ADULTOS MAYORES ANTE COVID-19"},"content":{"rendered":"\n<p>Como una forma de mitigar los efectos del Coronavirus en la poblaci\u00f3n de adultos mayores que residen en los 994 Establecimientos de Larga Estad\u00eda (ELEAM) p\u00fabicos y privados de todo el pa\u00eds, la Subsecretar\u00eda de Servicios Sociales del Ministerio de Desarrollo Social y Familia, dispuso de un presupuesto de $974.955.798 para la contrataci\u00f3n de profesionales de apoyo, quienes deber\u00e1n supervisar el cumplimiento de las medidas sanitarias junto con fortalecer la gesti\u00f3n sociosanitaria hacia nuestros adultos mayores.<\/p>\n\n\n\n<p>La Seremi de Desarrollo Social y Familia de la Regi\u00f3n de Magallanes, realiz\u00f3 la contrataci\u00f3n de 6 profesionales quienes tendr\u00e1n la labor de controlar el ingreso de funcionarios y proveedores, a trav\u00e9s de la toma de&nbsp;temperatura y registro de c\u00e9dula de identidad, informar de manera oportuna casos de sospecha de COVID-19 en residentes y personal, controlar el stock de insumos m\u00e9dicos, adem\u00e1s de capacitar al personal de los 15 establecimientos sobre los protocolos sanitarios para residencias.<\/p>\n\n\n\n<p>Para el Intendente Regional, Jos\u00e9 Fern\u00e1ndez, \u201ccomo nadie estaba preparado para esta pandemia, hemos sumado esfuerzos entre diversos servicios para resguardar a uno de los grupos m\u00e1s vulnerables de nuestra sociedad: la tercera edad, que en esta regi\u00f3n representa el 19,9 % de la poblaci\u00f3n,&nbsp;cifra mayor a la media del pa\u00eds, que es de un 19,3%\u201d.<\/p>\n\n\n\n<p>En tanto, la Seremi de Desarrollo Social y Familia, Liz Casanueva se\u00f1al\u00f3 que \u201cel proyecto considera un promedio de 1 profesional de apoyo por cada 3 ELEAM, los que fueron capacitados previamente por el Ministerio de Desarrollo Social y Familia y el Servicio Nacional del Adulto Mayor (SENAMA), gesti\u00f3n que contribuir\u00e1 a tener acceso a informaci\u00f3n y seguimiento respecto a las medidas que los establecimientos est\u00e1n cumpliendo\u201d.<\/p>\n\n\n\n<p>Desde el inicio de la emergencia el SENAMA en conjunto con la Seremi de Salud de Magallanes han efectuado un acompa\u00f1amiento diario a los ELEAM, con la finalidad de apoyar t\u00e9cnicamente la gesti\u00f3n y prevenir contagios al interior de los establecimientos.<\/p>\n","protected":false},"excerpt":{"rendered":"<p>Como una forma de mitigar los efectos del Coronavirus en la poblaci\u00f3n de adultos mayores que residen en los 994 Establecimientos de Larga Estad\u00eda (ELEAM) p\u00fabicos y privados de todo&#8230; <a class=\"read-more\" href=\"https:\/\/www.radiopresidenteibanez.cl\/web\/seremi-de-desarrollo-social-y-familia-apoya-la-supervision-de-los-establecimientos-de-adultos-mayores-ante-covid-19\/\">Leer m\u00e1s<\/a><\/p>\n","protected":false},"author":2,"featured_media":13862,"comment_status":"closed","ping_status":"closed","sticky":false,"template":"","format":"standard","meta":{"footnotes":""},"categories":[1],"tags":[],"class_list":["post-13861","post","type-post","status-publish","format-standard","has-post-thumbnail","hentry","category-cronica"],"_links":{"self":[{"href":"https:\/\/www.radiopresidenteibanez.cl\/web\/wp-json\/wp\/v2\/posts\/13861","targetHints":{"allow":["GET"]}}],"collection":[{"href":"https:\/\/www.radiopresidenteibanez.cl\/web\/wp-json\/wp\/v2\/posts"}],"about":[{"href":"https:\/\/www.radiopresidenteibanez.cl\/web\/wp-json\/wp\/v2\/types\/post"}],"author":[{"embeddable":true,"href":"https:\/\/www.radiopresidenteibanez.cl\/web\/wp-json\/wp\/v2\/users\/2"}],"replies":[{"embeddable":true,"href":"https:\/\/www.radiopresidenteibanez.cl\/web\/wp-json\/wp\/v2\/comments?post=13861"}],"version-history":[{"count":0,"href":"https:\/\/www.radiopresidenteibanez.cl\/web\/wp-json\/wp\/v2\/posts\/13861\/revisions"}],"wp:featuredmedia":[{"embeddable":true,"href":"https:\/\/www.radiopresidenteibanez.cl\/web\/wp-json\/wp\/v2\/media\/13862"}],"wp:attachment":[{"href":"https:\/\/www.radiopresidenteibanez.cl\/web\/wp-json\/wp\/v2\/media?parent=13861"}],"wp:term":[{"taxonomy":"category","embeddable":true,"href":"https:\/\/www.radiopresidenteibanez.cl\/web\/wp-json\/wp\/v2\/categories?post=13861"},{"taxonomy":"post_tag","embeddable":true,"href":"https:\/\/www.radiopresidenteibanez.cl\/web\/wp-json\/wp\/v2\/tags?post=13861"}],"curies":[{"name":"wp","href":"https:\/\/api.w.org\/{rel}","templated":true}]}}