{"id":13853,"date":"2020-08-04T12:58:50","date_gmt":"2020-08-04T12:58:50","guid":{"rendered":"https:\/\/www.radiopresidenteibanez.cl\/web\/?p=13853"},"modified":"2020-08-04T12:58:53","modified_gmt":"2020-08-04T12:58:53","slug":"pdi-y-aduanas-incautan-carteras-y-ropa-falsificada-avaluadas-en-mas-de-5-millones-de-pesos","status":"publish","type":"post","link":"https:\/\/www.radiopresidenteibanez.cl\/web\/pdi-y-aduanas-incautan-carteras-y-ropa-falsificada-avaluadas-en-mas-de-5-millones-de-pesos\/","title":{"rendered":"PDI Y ADUANAS INCAUTAN CARTERAS Y ROPA FALSIFICADA AVALUADAS EN M\u00c1S DE 5 MILLONES DE PESOS"},"content":{"rendered":"\n<p>Una\nmillonaria incautaci\u00f3n desde una vivienda en Punta Arenas se llev\u00f3 a cabo tras\nun procedimiento desarrollado por la Polic\u00eda de Investigaciones y el Servicio\nNacional de Aduanas, a ra\u00edz de una instrucci\u00f3n particular que la Fiscal\u00eda Local\nde Punta Arenas eman\u00f3 a la PDI, por el delito de Infracci\u00f3n a la Ley de Propiedad\nIndustrial y Contrabando.<\/p>\n\n\n\n<p>Detectives\nde la Brigada Investigadora de Delitos Econ\u00f3micos (Bridec) concurrieron junto a\nun equipo de fiscalizadores de la Aduana Regional Punta Arenas hasta un\ndomicilio ubicado en el sector poniente de la ciudad donde hallaron 98\nart\u00edculos falsificados, avaluados en $5.500.000. <\/p>\n\n\n\n<p>El\nsubprefecto Daniel Medina, jefe de la Brigada Investigadora de Delitos\nEcon\u00f3micos Punta Arenas, se\u00f1al\u00f3 que las especies -que simulaban ser de\nprestigiosas marcas-, fueron incautadas y ser\u00e1n remitidas al Laboratorio de\nCriminal\u00edstica para verificar su autenticidad y efectuar un comparativo con las\nprendas originales. <\/p>\n\n\n\n<p>Entre los\nart\u00edculos decomisados figuran carteras, billeteras, mochilas, monederos y\nrelojes que imitan las marcas Michael Kors, Gucci, Luis Vuitton, Tous y que\nten\u00edan precios muy inferiores a los del mercado.&nbsp; Adem\u00e1s, fueron incautadas prendas de vestir\nque simulan ser de las marcas Tommy, Guess, entre otras. <\/p>\n\n\n\n<p>La propietaria\nde los art\u00edculos qued\u00f3 en libertad, en espera de citaci\u00f3n por parte de la\nFiscal\u00eda y apercibida al art\u00edculo 26 del C\u00f3digo Procesal Penal. <\/p>\n","protected":false},"excerpt":{"rendered":"<p>Una millonaria incautaci\u00f3n desde una vivienda en Punta Arenas se llev\u00f3 a cabo tras un procedimiento desarrollado por la Polic\u00eda de Investigaciones y el Servicio Nacional de Aduanas, a ra\u00edz&#8230; <a class=\"read-more\" href=\"https:\/\/www.radiopresidenteibanez.cl\/web\/pdi-y-aduanas-incautan-carteras-y-ropa-falsificada-avaluadas-en-mas-de-5-millones-de-pesos\/\">Leer m\u00e1s<\/a><\/p>\n","protected":false},"author":2,"featured_media":13854,"comment_status":"closed","ping_status":"closed","sticky":false,"template":"","format":"standard","meta":{"footnotes":""},"categories":[1],"tags":[],"class_list":["post-13853","post","type-post","status-publish","format-standard","has-post-thumbnail","hentry","category-cronica"],"_links":{"self":[{"href":"https:\/\/www.radiopresidenteibanez.cl\/web\/wp-json\/wp\/v2\/posts\/13853","targetHints":{"allow":["GET"]}}],"collection":[{"href":"https:\/\/www.radiopresidenteibanez.cl\/web\/wp-json\/wp\/v2\/posts"}],"about":[{"href":"https:\/\/www.radiopresidenteibanez.cl\/web\/wp-json\/wp\/v2\/types\/post"}],"author":[{"embeddable":true,"href":"https:\/\/www.radiopresidenteibanez.cl\/web\/wp-json\/wp\/v2\/users\/2"}],"replies":[{"embeddable":true,"href":"https:\/\/www.radiopresidenteibanez.cl\/web\/wp-json\/wp\/v2\/comments?post=13853"}],"version-history":[{"count":0,"href":"https:\/\/www.radiopresidenteibanez.cl\/web\/wp-json\/wp\/v2\/posts\/13853\/revisions"}],"wp:featuredmedia":[{"embeddable":true,"href":"https:\/\/www.radiopresidenteibanez.cl\/web\/wp-json\/wp\/v2\/media\/13854"}],"wp:attachment":[{"href":"https:\/\/www.radiopresidenteibanez.cl\/web\/wp-json\/wp\/v2\/media?parent=13853"}],"wp:term":[{"taxonomy":"category","embeddable":true,"href":"https:\/\/www.radiopresidenteibanez.cl\/web\/wp-json\/wp\/v2\/categories?post=13853"},{"taxonomy":"post_tag","embeddable":true,"href":"https:\/\/www.radiopresidenteibanez.cl\/web\/wp-json\/wp\/v2\/tags?post=13853"}],"curies":[{"name":"wp","href":"https:\/\/api.w.org\/{rel}","templated":true}]}}