{"id":13850,"date":"2020-08-04T12:56:49","date_gmt":"2020-08-04T12:56:49","guid":{"rendered":"https:\/\/www.radiopresidenteibanez.cl\/web\/?p=13850"},"modified":"2020-08-04T12:56:56","modified_gmt":"2020-08-04T12:56:56","slug":"pulso-sindical-diario-de-la-c-g-t-chile-03-agosto-2020","status":"publish","type":"post","link":"https:\/\/www.radiopresidenteibanez.cl\/web\/pulso-sindical-diario-de-la-c-g-t-chile-03-agosto-2020\/","title":{"rendered":"PULSO SINDICAL DIARIO DE LA C.G.T. CHILE 03 AGOSTO 2020"},"content":{"rendered":"\n<p>1.- Han pasado 158 a\u00f1os desde que el general de ej\u00e9rcito\nCornelio Saavedra iniciar\u00e1 la llamada pacificaci\u00f3n, y que fue una ocupaci\u00f3n, de\nla Araucania y 137 a\u00f1os desde que dicha ocupaci\u00f3n llegar\u00e1 a su fin encabezada\npor el coronel Gregorio Urrutia. No se trata por lo tanto de algo que haya\nbrotado en el \u00faltimo tiempo y est\u00e9 siendo utilizado por una u otra organizaci\u00f3n\nmapuche en contra de un gobierno en especial.<\/p>\n\n\n\n<p>Lo sucedido hace un par de dias, con ocasi\u00f3n de las tomas y\nlos violentos desalojos de algunas municipalidades, es un paso m\u00e1s dentro de la\nofensiva del sistema de acabar con toda resistencia a su pol\u00edtica de\napropiaci\u00f3n y exterminio.<\/p>\n\n\n\n<p>Mataron estudiantes, j\u00f3venes comuneros, ancianos,\nviolentaron mujeres y ni\u00f1os mapuche y se sirvieron de todo el aparato del\nEstado para intentar mostrarlos como desadaptados que deben ser controlados.<\/p>\n\n\n\n<p>No lo van a lograr.<\/p>\n\n\n\n<p>Aquellos servidores del capital que gritan contra los\nmapuche, coludidos y protegidos por la polic\u00eda, solo merecen nuestro desprecio\nigual que todo aquel que denigre o agreda de palabra o de hecho, a quienes solo\ndemandan la restituci\u00f3n de lo que les fue arrebatado a punta de balas.<\/p>\n\n\n\n<p>2.- \u00bfCu\u00e1nto conocen los chilenos de su propia historia? <\/p>\n\n\n\n<p>Poco o nada, lo que posibilita que grandes y crueles\nasesinos, sean considerados como h\u00e9roes y hasta se les levanten monumentos,\ncuando las \u00fanicas guerras que encabezaron fueron aquellas destinadas a masacrar\na quienes, viviendo en el territorio, demandaban condiciones dignas de vida y\nde trabajo.<\/p>\n\n\n\n<p>Por eso, y junto con condenar est\u00e1 nueva escalada contra el\npueblo mapuche, hacemos un llamado a todos para contar la verdadera historia a\nnuestros hijos, analizar est\u00e1 lucha contra el opresor en cada sindicato\norganizado y promover una organizaci\u00f3n poderosa, con m\u00edstica mapuche, para\nenfrentar como corresponde al capitalista prepotente.<\/p>\n\n\n\n<p>3.- La educaci\u00f3n es la llave m\u00e1s potente para abrir la\npuerta al conocimiento. Nunca ser\u00e1 tarde para comenzar a ver las cosas como son\ny no como nos las han pintado.<\/p>\n\n\n\n<p>El mapuche reclama lo que le pertenece y &#8211; tal como lo\nhacemos en una huelga cuando reclamamos lo que creemos justo &#8211; tiene el derecho,\nel deber, de recurrir a todas las formas de lucha para conseguirlo.<\/p>\n\n\n\n<p>Teng\u00e1moslo definitivamente claro y expliquemoslo a nuestra\nfamilia y compa\u00f1eros de trabajo.<\/p>\n\n\n\n<p>Es lo menos que podemos hacer para solidarizar y apoyar de\nverdad esa lucha.<\/p>\n","protected":false},"excerpt":{"rendered":"<p>1.- Han pasado 158 a\u00f1os desde que el general de ej\u00e9rcito Cornelio Saavedra iniciar\u00e1 la llamada pacificaci\u00f3n, y que fue una ocupaci\u00f3n, de la Araucania y 137 a\u00f1os desde que&#8230; <a class=\"read-more\" href=\"https:\/\/www.radiopresidenteibanez.cl\/web\/pulso-sindical-diario-de-la-c-g-t-chile-03-agosto-2020\/\">Leer m\u00e1s<\/a><\/p>\n","protected":false},"author":2,"featured_media":13851,"comment_status":"closed","ping_status":"closed","sticky":false,"template":"","format":"standard","meta":{"footnotes":""},"categories":[1],"tags":[],"class_list":["post-13850","post","type-post","status-publish","format-standard","has-post-thumbnail","hentry","category-cronica"],"_links":{"self":[{"href":"https:\/\/www.radiopresidenteibanez.cl\/web\/wp-json\/wp\/v2\/posts\/13850","targetHints":{"allow":["GET"]}}],"collection":[{"href":"https:\/\/www.radiopresidenteibanez.cl\/web\/wp-json\/wp\/v2\/posts"}],"about":[{"href":"https:\/\/www.radiopresidenteibanez.cl\/web\/wp-json\/wp\/v2\/types\/post"}],"author":[{"embeddable":true,"href":"https:\/\/www.radiopresidenteibanez.cl\/web\/wp-json\/wp\/v2\/users\/2"}],"replies":[{"embeddable":true,"href":"https:\/\/www.radiopresidenteibanez.cl\/web\/wp-json\/wp\/v2\/comments?post=13850"}],"version-history":[{"count":0,"href":"https:\/\/www.radiopresidenteibanez.cl\/web\/wp-json\/wp\/v2\/posts\/13850\/revisions"}],"wp:featuredmedia":[{"embeddable":true,"href":"https:\/\/www.radiopresidenteibanez.cl\/web\/wp-json\/wp\/v2\/media\/13851"}],"wp:attachment":[{"href":"https:\/\/www.radiopresidenteibanez.cl\/web\/wp-json\/wp\/v2\/media?parent=13850"}],"wp:term":[{"taxonomy":"category","embeddable":true,"href":"https:\/\/www.radiopresidenteibanez.cl\/web\/wp-json\/wp\/v2\/categories?post=13850"},{"taxonomy":"post_tag","embeddable":true,"href":"https:\/\/www.radiopresidenteibanez.cl\/web\/wp-json\/wp\/v2\/tags?post=13850"}],"curies":[{"name":"wp","href":"https:\/\/api.w.org\/{rel}","templated":true}]}}