{"id":13817,"date":"2020-08-02T22:35:52","date_gmt":"2020-08-02T22:35:52","guid":{"rendered":"https:\/\/www.radiopresidenteibanez.cl\/web\/?p=13817"},"modified":"2020-08-02T22:35:55","modified_gmt":"2020-08-02T22:35:55","slug":"video-conductor-no-respeto-control-militar-en-pleno-toque-de-queda","status":"publish","type":"post","link":"https:\/\/www.radiopresidenteibanez.cl\/web\/video-conductor-no-respeto-control-militar-en-pleno-toque-de-queda\/","title":{"rendered":"(V\u00cdDEO) CONDUCTOR NO RESPETO CONTROL MILITAR EN PLENO TOQUE DE QUEDA"},"content":{"rendered":"\n<p>Pasadas las 02:30 horas de la\nmadrugada de este domingo, 2 de agosto, un conductor que circulaba por Avenida\nBulnes en el sector norte de Punta Arenas, un conductor irrumpi\u00f3 violentamente una\nbarrera de control vehicular que puesto en ese sector personal militar.<\/p>\n\n\n\n<p>El video grabado por los equipos de IV\u00b0 Brigada A\u00e9rea, evidencia la gran velocidad con la que impact\u00f3 el conductor la barrera sanitaria, incluso, desarmando parte del parachoques del autom\u00f3vil.<\/p>\n\n\n\n<figure class=\"wp-block-embed-youtube wp-block-embed is-type-video is-provider-youtube wp-embed-aspect-16-9 wp-has-aspect-ratio\"><div class=\"wp-block-embed__wrapper\">\nhttps:\/\/youtu.be\/jOMSgKkPjqU\n<\/div><\/figure>\n\n\n\n<p>CHH.<\/p>\n","protected":false},"excerpt":{"rendered":"<p>Pasadas las 02:30 horas de la madrugada de este domingo, 2 de agosto, un conductor que circulaba por Avenida Bulnes en el sector norte de Punta Arenas, un conductor irrumpi\u00f3&#8230; <a class=\"read-more\" href=\"https:\/\/www.radiopresidenteibanez.cl\/web\/video-conductor-no-respeto-control-militar-en-pleno-toque-de-queda\/\">Leer m\u00e1s<\/a><\/p>\n","protected":false},"author":2,"featured_media":13819,"comment_status":"closed","ping_status":"closed","sticky":false,"template":"","format":"standard","meta":{"footnotes":""},"categories":[1,36],"tags":[],"class_list":["post-13817","post","type-post","status-publish","format-standard","has-post-thumbnail","hentry","category-cronica","category-videos"],"_links":{"self":[{"href":"https:\/\/www.radiopresidenteibanez.cl\/web\/wp-json\/wp\/v2\/posts\/13817","targetHints":{"allow":["GET"]}}],"collection":[{"href":"https:\/\/www.radiopresidenteibanez.cl\/web\/wp-json\/wp\/v2\/posts"}],"about":[{"href":"https:\/\/www.radiopresidenteibanez.cl\/web\/wp-json\/wp\/v2\/types\/post"}],"author":[{"embeddable":true,"href":"https:\/\/www.radiopresidenteibanez.cl\/web\/wp-json\/wp\/v2\/users\/2"}],"replies":[{"embeddable":true,"href":"https:\/\/www.radiopresidenteibanez.cl\/web\/wp-json\/wp\/v2\/comments?post=13817"}],"version-history":[{"count":0,"href":"https:\/\/www.radiopresidenteibanez.cl\/web\/wp-json\/wp\/v2\/posts\/13817\/revisions"}],"wp:featuredmedia":[{"embeddable":true,"href":"https:\/\/www.radiopresidenteibanez.cl\/web\/wp-json\/wp\/v2\/media\/13819"}],"wp:attachment":[{"href":"https:\/\/www.radiopresidenteibanez.cl\/web\/wp-json\/wp\/v2\/media?parent=13817"}],"wp:term":[{"taxonomy":"category","embeddable":true,"href":"https:\/\/www.radiopresidenteibanez.cl\/web\/wp-json\/wp\/v2\/categories?post=13817"},{"taxonomy":"post_tag","embeddable":true,"href":"https:\/\/www.radiopresidenteibanez.cl\/web\/wp-json\/wp\/v2\/tags?post=13817"}],"curies":[{"name":"wp","href":"https:\/\/api.w.org\/{rel}","templated":true}]}}