{"id":13815,"date":"2020-08-02T22:14:32","date_gmt":"2020-08-02T22:14:32","guid":{"rendered":"https:\/\/www.radiopresidenteibanez.cl\/web\/?p=13815"},"modified":"2020-08-02T22:14:39","modified_gmt":"2020-08-02T22:14:39","slug":"porvenir-hombre-de-34-anos-fue-encontrado-sin-vida-al-interior-de-su-vivienda","status":"publish","type":"post","link":"https:\/\/www.radiopresidenteibanez.cl\/web\/porvenir-hombre-de-34-anos-fue-encontrado-sin-vida-al-interior-de-su-vivienda\/","title":{"rendered":"PORVENIR: HOMBRE DE 34 A\u00d1OS FUE ENCONTRADO SIN VIDA AL INTERIOR DE SU VIVIENDA"},"content":{"rendered":"\n<p>Un hombre identificado con las iniciales C.R.V.V de 34 a\u00f1os,\nfue encontrado sin vida al interior de su vivienda en la ciudad de Porvenir por\nun amigo, que en varias ocasiones le golpear\u00e1 la puerta y tras la insistencia y\nno tener respuesta hizo uso de una copia de la lleva que le entregar\u00e1 el\nmalogrado hombre.<\/p>\n\n\n\n<p>Ante esto, la persona que realiz\u00f3 el hallazgo dio aviso a\npersonal de Carabineros quienes se constituyeron en el lugar, donde minutos m\u00e1s\ntarde llegaron profesionales de LABOCAR, enviado por la fiscal de turno, Wendoline\nAcu\u00f1a, para realizar las investigaciones correspondientes.<\/p>\n\n\n\n<p>En la ocasi\u00f3n, se confirm\u00f3 que no habr\u00eda acciones de\nterceras personas y que se trata de un suicidio, finalmente, se est\u00e1 a la\nespera del Servicio M\u00e9dico Legal, para el levantamiento del cuerpo y autopsia.<\/p>\n\n\n\n<p>Cabe mencionar que, C.R.V.V, era oriundo de la ciudad de Frutillar regi\u00f3n de Los Lagos, y se encontraba en Porvenir realizando trabajos para la empresa Textil Mejillones de la ciudad capital de Tierra del Fuego.<\/p>\n\n\n\n<p><\/p>\n\n\n\n<p>CHH.<\/p>\n","protected":false},"excerpt":{"rendered":"<p>Un hombre identificado con las iniciales C.R.V.V de 34 a\u00f1os, fue encontrado sin vida al interior de su vivienda en la ciudad de Porvenir por un amigo, que en varias&#8230; <a class=\"read-more\" href=\"https:\/\/www.radiopresidenteibanez.cl\/web\/porvenir-hombre-de-34-anos-fue-encontrado-sin-vida-al-interior-de-su-vivienda\/\">Leer m\u00e1s<\/a><\/p>\n","protected":false},"author":2,"featured_media":4261,"comment_status":"closed","ping_status":"closed","sticky":false,"template":"","format":"standard","meta":{"footnotes":""},"categories":[1],"tags":[],"class_list":["post-13815","post","type-post","status-publish","format-standard","has-post-thumbnail","hentry","category-cronica"],"_links":{"self":[{"href":"https:\/\/www.radiopresidenteibanez.cl\/web\/wp-json\/wp\/v2\/posts\/13815","targetHints":{"allow":["GET"]}}],"collection":[{"href":"https:\/\/www.radiopresidenteibanez.cl\/web\/wp-json\/wp\/v2\/posts"}],"about":[{"href":"https:\/\/www.radiopresidenteibanez.cl\/web\/wp-json\/wp\/v2\/types\/post"}],"author":[{"embeddable":true,"href":"https:\/\/www.radiopresidenteibanez.cl\/web\/wp-json\/wp\/v2\/users\/2"}],"replies":[{"embeddable":true,"href":"https:\/\/www.radiopresidenteibanez.cl\/web\/wp-json\/wp\/v2\/comments?post=13815"}],"version-history":[{"count":0,"href":"https:\/\/www.radiopresidenteibanez.cl\/web\/wp-json\/wp\/v2\/posts\/13815\/revisions"}],"wp:featuredmedia":[{"embeddable":true,"href":"https:\/\/www.radiopresidenteibanez.cl\/web\/wp-json\/wp\/v2\/media\/4261"}],"wp:attachment":[{"href":"https:\/\/www.radiopresidenteibanez.cl\/web\/wp-json\/wp\/v2\/media?parent=13815"}],"wp:term":[{"taxonomy":"category","embeddable":true,"href":"https:\/\/www.radiopresidenteibanez.cl\/web\/wp-json\/wp\/v2\/categories?post=13815"},{"taxonomy":"post_tag","embeddable":true,"href":"https:\/\/www.radiopresidenteibanez.cl\/web\/wp-json\/wp\/v2\/tags?post=13815"}],"curies":[{"name":"wp","href":"https:\/\/api.w.org\/{rel}","templated":true}]}}