{"id":13812,"date":"2020-08-02T21:51:01","date_gmt":"2020-08-02T21:51:01","guid":{"rendered":"https:\/\/www.radiopresidenteibanez.cl\/web\/?p=13812"},"modified":"2020-08-02T21:51:04","modified_gmt":"2020-08-02T21:51:04","slug":"barrio-18-de-septiembre-renovara-sus-veredas-gracias-a-proyecto-municipal","status":"publish","type":"post","link":"https:\/\/www.radiopresidenteibanez.cl\/web\/barrio-18-de-septiembre-renovara-sus-veredas-gracias-a-proyecto-municipal\/","title":{"rendered":"BARRIO 18 DE SEPTIEMBRE RENOVAR\u00c1 SUS VEREDAS GRACIAS A PROYECTO MUNICIPAL"},"content":{"rendered":"\n<p>Cerca de 9 kil\u00f3metros de nuevas veredas, contempla el proyecto municipal aprobado hace algunas semanas por el Consejo Regional, el cual comenzar\u00eda a ejecutarse el \u00faltimo trimestre, abarcando 8 distritos del Barrio 18 de septiembre.<\/p>\n\n\n\n<p>\u201cQueremos agradecer al Consejo Regional, por aprobar el mejoramiento del Barrio 18 septiembre, ya que luego de una larga espera podremos concretar esta iniciativa que intervendr\u00e1 el cuadrante comprendido entre Avenida Independencia &#8211; Allende, Eusebio Lillo, R\u00edo de la Mano y Arturo Prat\u201d, dijo Claudio Radonich.<\/p>\n\n\n\n<p>La inversi\u00f3n alcanza los Mil 648 millones de pesos y estipula 8.5 kil\u00f3metros lineales de nuevas veredas, con un ancho de 1.5 metros, lo que incluir\u00e1 los accesos vehiculares existentes.<\/p>\n\n\n\n<p>En ese sentido, Paola Santana, Presidenta de la Junta Vecinal 19, manifest\u00f3 estar feliz de la concreci\u00f3n de este proyecto. \u201cEstamos felices porque es un proyecto que hab\u00edamos solicitado hace aproximadamente 8 a\u00f1os, as\u00ed que estamos muy agradecidos de la gesti\u00f3n del Alcalde, la Direcci\u00f3n de Obras, el concejal Germ\u00e1n Flores y obviamente, del Gobierno Regional por entregar los recursos\u201d.<\/p>\n\n\n\n<p>La dirigente vecinal agreg\u00f3 que \u201chay sectores en los que ya no exist\u00edan veredas, por lo que dificulta mucho el desplazamiento de los vecinos del sector, as\u00ed que estamos muy contentos, ya que favorecer\u00e1 mucho a todos quienes vivimos en este Barrio\u201d.<\/p>\n\n\n\n<p>Finalmente, el alcalde de la comuna reiter\u00f3 que \u201ccalculamos que las obras comenzar\u00e1n el \u00faltimo trimestre de este a\u00f1o, y otorgar\u00e1 empleo a 45 personas\u201d.<\/p>\n","protected":false},"excerpt":{"rendered":"<p>Cerca de 9 kil\u00f3metros de nuevas veredas, contempla el proyecto municipal aprobado hace algunas semanas por el Consejo Regional, el cual comenzar\u00eda a ejecutarse el \u00faltimo trimestre, abarcando 8 distritos&#8230; <a class=\"read-more\" href=\"https:\/\/www.radiopresidenteibanez.cl\/web\/barrio-18-de-septiembre-renovara-sus-veredas-gracias-a-proyecto-municipal\/\">Leer m\u00e1s<\/a><\/p>\n","protected":false},"author":2,"featured_media":13813,"comment_status":"closed","ping_status":"closed","sticky":false,"template":"","format":"standard","meta":{"footnotes":""},"categories":[1],"tags":[],"class_list":["post-13812","post","type-post","status-publish","format-standard","has-post-thumbnail","hentry","category-cronica"],"_links":{"self":[{"href":"https:\/\/www.radiopresidenteibanez.cl\/web\/wp-json\/wp\/v2\/posts\/13812","targetHints":{"allow":["GET"]}}],"collection":[{"href":"https:\/\/www.radiopresidenteibanez.cl\/web\/wp-json\/wp\/v2\/posts"}],"about":[{"href":"https:\/\/www.radiopresidenteibanez.cl\/web\/wp-json\/wp\/v2\/types\/post"}],"author":[{"embeddable":true,"href":"https:\/\/www.radiopresidenteibanez.cl\/web\/wp-json\/wp\/v2\/users\/2"}],"replies":[{"embeddable":true,"href":"https:\/\/www.radiopresidenteibanez.cl\/web\/wp-json\/wp\/v2\/comments?post=13812"}],"version-history":[{"count":0,"href":"https:\/\/www.radiopresidenteibanez.cl\/web\/wp-json\/wp\/v2\/posts\/13812\/revisions"}],"wp:featuredmedia":[{"embeddable":true,"href":"https:\/\/www.radiopresidenteibanez.cl\/web\/wp-json\/wp\/v2\/media\/13813"}],"wp:attachment":[{"href":"https:\/\/www.radiopresidenteibanez.cl\/web\/wp-json\/wp\/v2\/media?parent=13812"}],"wp:term":[{"taxonomy":"category","embeddable":true,"href":"https:\/\/www.radiopresidenteibanez.cl\/web\/wp-json\/wp\/v2\/categories?post=13812"},{"taxonomy":"post_tag","embeddable":true,"href":"https:\/\/www.radiopresidenteibanez.cl\/web\/wp-json\/wp\/v2\/tags?post=13812"}],"curies":[{"name":"wp","href":"https:\/\/api.w.org\/{rel}","templated":true}]}}