{"id":1381,"date":"2019-02-13T14:44:52","date_gmt":"2019-02-13T14:44:52","guid":{"rendered":"http:\/\/www.radiopresidenteibanez.cl\/web\/?p=1381"},"modified":"2019-02-13T14:45:11","modified_gmt":"2019-02-13T14:45:11","slug":"partido-radical-se-pronuncia-ante-el-nuevo-cambio-de-intendente-en-magallanes","status":"publish","type":"post","link":"https:\/\/www.radiopresidenteibanez.cl\/web\/partido-radical-se-pronuncia-ante-el-nuevo-cambio-de-intendente-en-magallanes\/","title":{"rendered":"PARTIDO RADICAL, SE PRONUNCIA ANTE EL NUEVO CAMBIO DE INTENDENTE EN MAGALLANES"},"content":{"rendered":"\n<p>En tan s\u00f3lo once meses de gobierno, el Presidente Sebasti\u00e1n\nPi\u00f1era ha removido dos intendentes en la Regi\u00f3n de Magallanes y Ant\u00e1rtica\nChilena, dando forma a una abrumadora improvisaci\u00f3n gubernamental que ha estado\nmarcada por la ausencia de un proyecto pol\u00edtico consistente con el desarrollo y\ncrecimiento que la regi\u00f3n necesita. <\/p>\n\n\n\n<p>Para quienes somos parte de la oposici\u00f3n, lo anterior no es\nmotivo de alegr\u00eda sino de profunda preocupaci\u00f3n. En efecto, en menos de un a\u00f1o,\nla administraci\u00f3n Pi\u00f1era no s\u00f3lo nombr\u00f3 tres intendentes \u201cde su confianza\u201d (su\nanterior gobierno nombr\u00f3 cuatro, en cuatro a\u00f1os), sino que adem\u00e1s, en ese breve\nlapso desaceler\u00f3 el ritmo de crecimiento y redujo la inversi\u00f3n p\u00fablica,\ndebilitando proyectos de importancia geopol\u00edtica que favorec\u00edan nuestra\ninserci\u00f3n en la econom\u00eda global, como por ejemplo, el Centro Ant\u00e1rtico\nInternacional y el desarrollo de una infraestructura portuaria acorde. <\/p>\n\n\n\n<p>Cabe recordar tambi\u00e9n, que para contrarrestar el reconocimiento\nsocial que tuvo el Plan de Desarrollo de Zonas Extremas de Bachelet, y dado el\nsesgo ideol\u00f3gico que lo anima, fue el propio Presidente quien anunci\u00f3 el Plan Para\nMagallanes, el cual result\u00f3 ser solo una pirueta comunicacional que no logr\u00f3 despejar\nla sensaci\u00f3n de incertidumbre, estancamiento y retroceso que ha inundado la\npercepci\u00f3n ciudadana y el clima pol\u00edtico de la regi\u00f3n desde que asumi\u00f3 en marzo\n2018.<\/p>\n\n\n\n<p>Pero ese es el costo cuando se elaboran planes de arriba\nhacia abajo, sin participaci\u00f3n de la ciudadan\u00eda, sin sus organizaciones\nsociales y productivas, sin sus representantes elegidos; es decir, sin di\u00e1logo\nterritorial, sin una visi\u00f3n compartida, sin proyecto com\u00fan. Sin mecanismos de\ndecisi\u00f3n presupuestaria que lo acompa\u00f1en. Sin descentralizaci\u00f3n. <\/p>\n\n\n\n<p>Los radicales de Magallanes esperamos que el cambio anunciado\nen Interior enmiende el rumbo, y que las autoridades recientemente nombradas\njunto con propiciar el di\u00e1logo con la ciudadan\u00eda, generen condiciones de\ndesarrollo y estabilidad laboral para los trabajadores del sector privado y del\nsector p\u00fablico, reintegrando a quienes han sido injustamente desvinculados. Y\njunto con ello, hacemos un llamado para que defiendan ante el nivel central los\nintereses de la regi\u00f3n; que es justamente lo que no se ha hecho en estos once\nmeses.<\/p>\n\n\n\n<p><strong>PARTIDO RADICAL DE\nCHILE<\/strong><\/p>\n\n\n\n<p><strong>REGI\u00d3N DE MAGALLANES\nY ANT\u00c1RTICA CHILENA<\/strong><\/p>\n","protected":false},"excerpt":{"rendered":"<p>En tan s\u00f3lo once meses de gobierno, el Presidente Sebasti\u00e1n Pi\u00f1era ha removido dos intendentes en la Regi\u00f3n de Magallanes y Ant\u00e1rtica Chilena, dando forma a una abrumadora improvisaci\u00f3n gubernamental&#8230; <a class=\"read-more\" href=\"https:\/\/www.radiopresidenteibanez.cl\/web\/partido-radical-se-pronuncia-ante-el-nuevo-cambio-de-intendente-en-magallanes\/\">Leer m\u00e1s<\/a><\/p>\n","protected":false},"author":2,"featured_media":1382,"comment_status":"closed","ping_status":"closed","sticky":false,"template":"","format":"standard","meta":{"footnotes":""},"categories":[5],"tags":[],"class_list":["post-1381","post","type-post","status-publish","format-standard","has-post-thumbnail","hentry","category-politica"],"_links":{"self":[{"href":"https:\/\/www.radiopresidenteibanez.cl\/web\/wp-json\/wp\/v2\/posts\/1381","targetHints":{"allow":["GET"]}}],"collection":[{"href":"https:\/\/www.radiopresidenteibanez.cl\/web\/wp-json\/wp\/v2\/posts"}],"about":[{"href":"https:\/\/www.radiopresidenteibanez.cl\/web\/wp-json\/wp\/v2\/types\/post"}],"author":[{"embeddable":true,"href":"https:\/\/www.radiopresidenteibanez.cl\/web\/wp-json\/wp\/v2\/users\/2"}],"replies":[{"embeddable":true,"href":"https:\/\/www.radiopresidenteibanez.cl\/web\/wp-json\/wp\/v2\/comments?post=1381"}],"version-history":[{"count":0,"href":"https:\/\/www.radiopresidenteibanez.cl\/web\/wp-json\/wp\/v2\/posts\/1381\/revisions"}],"wp:featuredmedia":[{"embeddable":true,"href":"https:\/\/www.radiopresidenteibanez.cl\/web\/wp-json\/wp\/v2\/media\/1382"}],"wp:attachment":[{"href":"https:\/\/www.radiopresidenteibanez.cl\/web\/wp-json\/wp\/v2\/media?parent=1381"}],"wp:term":[{"taxonomy":"category","embeddable":true,"href":"https:\/\/www.radiopresidenteibanez.cl\/web\/wp-json\/wp\/v2\/categories?post=1381"},{"taxonomy":"post_tag","embeddable":true,"href":"https:\/\/www.radiopresidenteibanez.cl\/web\/wp-json\/wp\/v2\/tags?post=1381"}],"curies":[{"name":"wp","href":"https:\/\/api.w.org\/{rel}","templated":true}]}}