{"id":13808,"date":"2020-08-02T21:40:52","date_gmt":"2020-08-02T21:40:52","guid":{"rendered":"https:\/\/www.radiopresidenteibanez.cl\/web\/?p=13808"},"modified":"2020-08-02T21:40:55","modified_gmt":"2020-08-02T21:40:55","slug":"paz-para-la-araucania-por-ernesto-sepulveda-tornero","status":"publish","type":"post","link":"https:\/\/www.radiopresidenteibanez.cl\/web\/paz-para-la-araucania-por-ernesto-sepulveda-tornero\/","title":{"rendered":"PAZ PARA LA ARAUCAN\u00cdA por Ernesto Sep\u00falveda Tornero"},"content":{"rendered":"\n<p>Los hechos ocurridos en torno al desalojo de municipios, en\nla Araucan\u00eda, son de gravedad extrema. Como resulta evidente, para cualquiera\nque haya visto noticias este fin de semana, lo que all\u00ed se dio, no es propio ni\nde cerca, de un estado de derecho.&nbsp; Se\npodr\u00e1 discutir si algunas comunidades de la etnia Mapuche, obraron\nleg\u00edtimamente al irrumpir en dependencias municipales. Un hecho que ha ocurrido\nanteriormente, y que concluye o con acuerdo de la salida, de los ocupantes, o\ncon desalojo de la fuerza p\u00fablica.&nbsp; Pero\nlo acontecido ahora, es distinto, a un acto nacido de la fuerza ejercida por un\ngrupo, se opuso otro, que pretendi\u00f3 ejercer funciones policiales, para\ndesalojar los inmuebles ocupados. En medio de gritos racistas, vecinos,\nhabitantes de la Araucan\u00eda, enfrent\u00e1ndose a palos, en medio del espacio\np\u00fablico. Integrantes de las comunidades denunciaron golpizas, propinadas por\nparticulares.&nbsp; Qui\u00e9n o quienes fallaron\naqu\u00ed, se requiere con urgencia determinarlo. La convivencia democr\u00e1tica es y\ndebe ser siempre PAC\u00cdFICA, la sociedad civil, ha entregado el monopolio de la\nfuerza, al estado. El estado lo ejerce a trav\u00e9s de las fuerzas de orden y\nseguridad. Los ejercicios de autotutela, donde cada quien decide como poner\norden, y hacer justicia por propia mano, est\u00e1n absolutamente descartados en un\nestado de derecho.<\/p>\n\n\n\n<p>No es balad\u00ed, lo que ha ocurrido en la Araucan\u00eda, no es s\u00f3lo\nun hecho policial m\u00e1s. Es el germen que corroe la convivencia democr\u00e1tica. Mas\nall\u00e1 de quien sea el presidente de la Rep\u00fablica. Si no es capaz de garantizar,\na trav\u00e9s de sus mandos administrativos y policiales, la convivencia pac\u00edfica.\nEst\u00e1 incumpliendo gravemente a sus deberes y obligaciones constitucionales.<\/p>\n\n\n\n<p>La sociedad chilena, sin distinci\u00f3n debe unirse para repudiar\nel uso de la violencia. La Araucan\u00eda, y el pa\u00eds entero, necesita de un soporte\nm\u00ednimo de orden p\u00fablico y de paz social, que nos permita a todos sin\ndistinci\u00f3n, crecer y desarrollarnos. Se equivocan garrafalmente, quienes ven en\nestos hechos, algo as\u00ed como el reinicio del estallido social. Nadie en su sano\njuicio, puede aplaudir que personas comunes y silvestres, se trencen a palos en\nlas calles. Ninguna causa por leg\u00edtima que sea, justifica ese nivel de\nirracionalidad.<\/p>\n\n\n\n<p>Las autoridades regionales de la Araucan\u00eda deben responder,\nson autoridades pol\u00edticas designadas, por el gobierno de turno. Pero trabajan y\nviven en el territorio. All\u00ed crecen sus hijos, y residen sus familias. Han\nfallado de una forma aberrante, en su tarea primordial. <\/p>\n\n\n\n<p>En todo el pa\u00eds, en millones de hogares, se hacen esfuerzos\npor lograr llegar a fin de mes, esfuerzos por \u201cparar la olla\u201d, por cuidar \u201cla\npega\u201d, y por, sobre todo, se hacen esfuerzos tit\u00e1nicos por respetar las normas\nsanitarias, permanecer en casa, cumplir las cuarentenas y cordones\nsanitarios.&nbsp; Cuando un pa\u00eds entero tiene\nel objetivo com\u00fan de sobrevivir, no podemos permitir que unos cuantos cabezas\ncalientes, nos distraigan de nuestro sagrado deber.<\/p>\n\n\n\n<p>Hay sectores pol\u00edticos, de ambos extremos, que han tratado de\nobtener redito, sacar partido del enfrentamiento. Parecieran extasiarse en la\ncontemplaci\u00f3n del caos y la destrucci\u00f3n. No son ellos quienes deben seguir\nconviviendo, a escasos metros, de predios incendiados, o de comunidades\nintervenidas por la fuerza militar. <\/p>\n\n\n\n<p>Est\u00e1 documentada, la relaci\u00f3n err\u00e1tica que ha tenido el\nestado de Chile, con las etnias originarias. Una relaci\u00f3n que no es meramente\necon\u00f3mica. Con pol\u00edticos m\u00e1s duchos que los actuales, el gobierno chileno, en\nel pasado, fracas\u00f3 igualmente. Existen reivindicaciones hist\u00f3ricas leg\u00edtimas,\nque no han tenido debido cauce. Y aunque parezca broma, tambi\u00e9n esta materia,\ndeber\u00e1 tratarse cuando se discuta la nueva constituci\u00f3n. Para el caso que\ntriunfe el apruebo en octubre. <\/p>\n\n\n\n<p>Mientras tanto, lo que debemos esperar, lo que debemos\nexigir, es que el gobierno central garantice la convivencia pac\u00edfica, el normal\ndesarrollo de la vida social, econ\u00f3mica, y pol\u00edtica, en todo el territorio\nnacional. Pues ese constituye su deber primario de gobernante. Ya que, si esta\ntarea, es superior a sus fuerzas o sus capacidades, deber\u00e1 asumir su\nresponsabilidad constitucional. El ya mencionado notable abandono de deberes\nconstitucionales, por las razones indicadas, parece del todo pertinente, si la\nsituaci\u00f3n se prolonga.<\/p>\n\n\n\n<p>&nbsp;Hagamos votos, por que\nla paz y la concordia, vuelvan a la Araucan\u00eda, y para que nunca m\u00e1s tengamos\nque ver, alzarse vecino contra vecino, y para que respondan adecuadamente los\nresponsables.<\/p>\n\n\n\n<p>Ernesto Sep\u00falveda Tornero<\/p>\n","protected":false},"excerpt":{"rendered":"<p>Los hechos ocurridos en torno al desalojo de municipios, en la Araucan\u00eda, son de gravedad extrema. Como resulta evidente, para cualquiera que haya visto noticias este fin de semana, lo&#8230; <a class=\"read-more\" href=\"https:\/\/www.radiopresidenteibanez.cl\/web\/paz-para-la-araucania-por-ernesto-sepulveda-tornero\/\">Leer m\u00e1s<\/a><\/p>\n","protected":false},"author":2,"featured_media":2310,"comment_status":"closed","ping_status":"closed","sticky":false,"template":"","format":"standard","meta":{"footnotes":""},"categories":[1],"tags":[],"class_list":["post-13808","post","type-post","status-publish","format-standard","has-post-thumbnail","hentry","category-cronica"],"_links":{"self":[{"href":"https:\/\/www.radiopresidenteibanez.cl\/web\/wp-json\/wp\/v2\/posts\/13808","targetHints":{"allow":["GET"]}}],"collection":[{"href":"https:\/\/www.radiopresidenteibanez.cl\/web\/wp-json\/wp\/v2\/posts"}],"about":[{"href":"https:\/\/www.radiopresidenteibanez.cl\/web\/wp-json\/wp\/v2\/types\/post"}],"author":[{"embeddable":true,"href":"https:\/\/www.radiopresidenteibanez.cl\/web\/wp-json\/wp\/v2\/users\/2"}],"replies":[{"embeddable":true,"href":"https:\/\/www.radiopresidenteibanez.cl\/web\/wp-json\/wp\/v2\/comments?post=13808"}],"version-history":[{"count":0,"href":"https:\/\/www.radiopresidenteibanez.cl\/web\/wp-json\/wp\/v2\/posts\/13808\/revisions"}],"wp:featuredmedia":[{"embeddable":true,"href":"https:\/\/www.radiopresidenteibanez.cl\/web\/wp-json\/wp\/v2\/media\/2310"}],"wp:attachment":[{"href":"https:\/\/www.radiopresidenteibanez.cl\/web\/wp-json\/wp\/v2\/media?parent=13808"}],"wp:term":[{"taxonomy":"category","embeddable":true,"href":"https:\/\/www.radiopresidenteibanez.cl\/web\/wp-json\/wp\/v2\/categories?post=13808"},{"taxonomy":"post_tag","embeddable":true,"href":"https:\/\/www.radiopresidenteibanez.cl\/web\/wp-json\/wp\/v2\/tags?post=13808"}],"curies":[{"name":"wp","href":"https:\/\/api.w.org\/{rel}","templated":true}]}}