{"id":13786,"date":"2020-08-01T17:33:22","date_gmt":"2020-08-01T17:33:22","guid":{"rendered":"https:\/\/www.radiopresidenteibanez.cl\/web\/?p=13786"},"modified":"2020-08-01T17:33:26","modified_gmt":"2020-08-01T17:33:26","slug":"un-70-por-ciento-de-avance-presenta-proyecto-de-ampliacion-y-mejoramiento-de-la-caleta-de-pescadores-de-barranco-amarillo","status":"publish","type":"post","link":"https:\/\/www.radiopresidenteibanez.cl\/web\/un-70-por-ciento-de-avance-presenta-proyecto-de-ampliacion-y-mejoramiento-de-la-caleta-de-pescadores-de-barranco-amarillo\/","title":{"rendered":"UN 70 POR CIENTO DE AVANCE PRESENTA PROYECTO DE AMPLIACI\u00d3N Y MEJORAMIENTO DE LA CALETA DE PESCADORES DE BARRANCO AMARILLO"},"content":{"rendered":"\n<p>M\u00e1s de 3 mil pescadores se\nver\u00e1n beneficiados con las obras de mejoramiento y ampliaci\u00f3n de la Caleta de\nBarranco Amarillo, ejecutadas por la Direcci\u00f3n de Obras Portuarias del\nMinisterio de Obras P\u00fablicas. <\/p>\n\n\n\n<p>Esta ma\u00f1ana el Intendente\nJos\u00e9 Fern\u00e1ndez, SEREMI de Obras P\u00fablicas Pablo Rendoll, y Director Regional de\nObras Portuarias Jorge Valdebenito, acompa\u00f1ados por dirigentes del gremio de\nlos pescadores, realizaron una visita inspectiva a las obras, que presentan un 70\npor ciento de avance y consideran una inversi\u00f3n de M$ 5.275.090 con recursos\nsectoriales. <\/p>\n\n\n\n<p>\u201cEste proyecto facilitar\u00e1\nlas operaciones en tierra de la pesca artesanal, y adem\u00e1s del varadero que va a\npermitir reparaciones bajo techo, tenemos una explanada importante para el\nestacionamiento de embarcaciones\u201d, se\u00f1al\u00f3 el Seremi Pablo Rendoll, a\u00f1adiendo\nque \u201cel desarrollo de esta obra es fundamental, porque permite beneficiar a\nalrededor de 3.500 personas que trabajan en la pesca artesanal y m\u00e1s de mil\nembarcaciones que operan en esta caleta, adem\u00e1s de producir un efecto\nmultiplicador de beneficios en otros sectores de la econom\u00eda, como el industrial\ny de comercio\u201d.<\/p>\n\n\n\n<p>El Intendente Jos\u00e9\nFern\u00e1ndez, en tanto, dijo que: \u201cEsta obra permitir\u00e1 crecer casi al doble de lo\nque exist\u00eda, con una inversi\u00f3n sectorial cercana a los 5.500 millones de pesos,\ndonde el Gobierno Regional aporta tambi\u00e9n con la adquisici\u00f3n de un equipo\nTravel Lift\u201d.<\/p>\n\n\n\n<p>\u201cEste proyecto involucrar\u00e1\nadelantos muy importantes, como el galp\u00f3n donde van a poder trabajar y realizar\ntodas sus reparaciones bajo techo, lo que conllevar\u00e1 a que los pescadores\nartesanales posean instalaciones de primer nivel\u201d, a\u00f1adi\u00f3 la m\u00e1xima autoridad\nregional.<\/p>\n\n\n\n<p>El proyecto considera 18\nestacionamientos, todos a un costado del edificio de administraci\u00f3n; ba\u00f1os y\nsala de basura; un galp\u00f3n astillero de 1.200 m2 aproximadamente; \u00e1reas de\nvarado y zonas de urbanizaci\u00f3n, entre otros nuevos aspectos.<\/p>\n\n\n\n<p>\u201cLa ampliaci\u00f3n del muelle\nviene a solucionar muchos problemas de la pesca artesanal, dado que no ten\u00edamos\nel espacio suficiente para varar embarcaciones, y con esta explanada vamos a\npoder varar alrededor de 150 m\u00e1s de las que consider\u00e1bamos anteriormente, lo\nque es un gran beneficio para nuestro sector\u201d, concluy\u00f3 Erardo Mu\u00f1oz,\npresidente de la Corporaci\u00f3n de Pescadores Artesanales.<\/p>\n","protected":false},"excerpt":{"rendered":"<p>M\u00e1s de 3 mil pescadores se ver\u00e1n beneficiados con las obras de mejoramiento y ampliaci\u00f3n de la Caleta de Barranco Amarillo, ejecutadas por la Direcci\u00f3n de Obras Portuarias del Ministerio&#8230; <a class=\"read-more\" href=\"https:\/\/www.radiopresidenteibanez.cl\/web\/un-70-por-ciento-de-avance-presenta-proyecto-de-ampliacion-y-mejoramiento-de-la-caleta-de-pescadores-de-barranco-amarillo\/\">Leer m\u00e1s<\/a><\/p>\n","protected":false},"author":2,"featured_media":13787,"comment_status":"closed","ping_status":"closed","sticky":false,"template":"","format":"standard","meta":{"footnotes":""},"categories":[1],"tags":[],"class_list":["post-13786","post","type-post","status-publish","format-standard","has-post-thumbnail","hentry","category-cronica"],"_links":{"self":[{"href":"https:\/\/www.radiopresidenteibanez.cl\/web\/wp-json\/wp\/v2\/posts\/13786","targetHints":{"allow":["GET"]}}],"collection":[{"href":"https:\/\/www.radiopresidenteibanez.cl\/web\/wp-json\/wp\/v2\/posts"}],"about":[{"href":"https:\/\/www.radiopresidenteibanez.cl\/web\/wp-json\/wp\/v2\/types\/post"}],"author":[{"embeddable":true,"href":"https:\/\/www.radiopresidenteibanez.cl\/web\/wp-json\/wp\/v2\/users\/2"}],"replies":[{"embeddable":true,"href":"https:\/\/www.radiopresidenteibanez.cl\/web\/wp-json\/wp\/v2\/comments?post=13786"}],"version-history":[{"count":0,"href":"https:\/\/www.radiopresidenteibanez.cl\/web\/wp-json\/wp\/v2\/posts\/13786\/revisions"}],"wp:featuredmedia":[{"embeddable":true,"href":"https:\/\/www.radiopresidenteibanez.cl\/web\/wp-json\/wp\/v2\/media\/13787"}],"wp:attachment":[{"href":"https:\/\/www.radiopresidenteibanez.cl\/web\/wp-json\/wp\/v2\/media?parent=13786"}],"wp:term":[{"taxonomy":"category","embeddable":true,"href":"https:\/\/www.radiopresidenteibanez.cl\/web\/wp-json\/wp\/v2\/categories?post=13786"},{"taxonomy":"post_tag","embeddable":true,"href":"https:\/\/www.radiopresidenteibanez.cl\/web\/wp-json\/wp\/v2\/tags?post=13786"}],"curies":[{"name":"wp","href":"https:\/\/api.w.org\/{rel}","templated":true}]}}