{"id":1378,"date":"2019-02-13T14:35:37","date_gmt":"2019-02-13T14:35:37","guid":{"rendered":"http:\/\/www.radiopresidenteibanez.cl\/web\/?p=1378"},"modified":"2019-02-13T14:35:50","modified_gmt":"2019-02-13T14:35:50","slug":"democracia-cristiana-apela-que-tras-tercer-cambio-de-intendente-la-region-retome-la-normalidad-y-salga-del-estancamiento","status":"publish","type":"post","link":"https:\/\/www.radiopresidenteibanez.cl\/web\/democracia-cristiana-apela-que-tras-tercer-cambio-de-intendente-la-region-retome-la-normalidad-y-salga-del-estancamiento\/","title":{"rendered":"DEMOCRACIA CRISTIANA APELA QUE TRAS TERCER CAMBIO DE INTENDENTE LA REGI\u00d3N RETOME LA NORMALIDAD Y SALGA DEL ESTANCAMIENTO"},"content":{"rendered":"\n<p>La presidenta regional de la Democracia Cristiana\nEugenia Mancilla expres\u00f3 que frente al nombramiento del tercer Intendente de la\nadministraci\u00f3n del Presidente&nbsp; Sebasti\u00e1n\nPi\u00f1era, esperan como colectividad pol\u00edtica que termine la improvisaci\u00f3n en los\nnombramientos de autoridades y la regi\u00f3n retome la normalidad y salga del estancamiento\nen que se encuentra a casi completar un a\u00f1o de irregular gesti\u00f3n del Gobierno\nRegional.<\/p>\n\n\n\n<p>Al respecto se\u00f1al\u00f3 \u201capelamos a que el Intendente\nFern\u00e1ndez retome la agenda, poniendo en el centro de su gesti\u00f3n el inter\u00e9s\nregional, dialogue con todos los actores y proponga una hoja de ruta, sus acentos\nen la estrategia de desarrollo y pueda finalmente otorgar certezas presentando\nuna cartera de proyectos que permita a Magallanes retomar el camino del\ncrecimiento y desarrollo.\u201d.<\/p>\n","protected":false},"excerpt":{"rendered":"<p>La presidenta regional de la Democracia Cristiana Eugenia Mancilla expres\u00f3 que frente al nombramiento del tercer Intendente de la administraci\u00f3n del Presidente&nbsp; Sebasti\u00e1n Pi\u00f1era, esperan como colectividad pol\u00edtica que termine&#8230; <a class=\"read-more\" href=\"https:\/\/www.radiopresidenteibanez.cl\/web\/democracia-cristiana-apela-que-tras-tercer-cambio-de-intendente-la-region-retome-la-normalidad-y-salga-del-estancamiento\/\">Leer m\u00e1s<\/a><\/p>\n","protected":false},"author":2,"featured_media":1379,"comment_status":"closed","ping_status":"closed","sticky":false,"template":"","format":"standard","meta":{"footnotes":""},"categories":[5],"tags":[],"class_list":["post-1378","post","type-post","status-publish","format-standard","has-post-thumbnail","hentry","category-politica"],"_links":{"self":[{"href":"https:\/\/www.radiopresidenteibanez.cl\/web\/wp-json\/wp\/v2\/posts\/1378","targetHints":{"allow":["GET"]}}],"collection":[{"href":"https:\/\/www.radiopresidenteibanez.cl\/web\/wp-json\/wp\/v2\/posts"}],"about":[{"href":"https:\/\/www.radiopresidenteibanez.cl\/web\/wp-json\/wp\/v2\/types\/post"}],"author":[{"embeddable":true,"href":"https:\/\/www.radiopresidenteibanez.cl\/web\/wp-json\/wp\/v2\/users\/2"}],"replies":[{"embeddable":true,"href":"https:\/\/www.radiopresidenteibanez.cl\/web\/wp-json\/wp\/v2\/comments?post=1378"}],"version-history":[{"count":0,"href":"https:\/\/www.radiopresidenteibanez.cl\/web\/wp-json\/wp\/v2\/posts\/1378\/revisions"}],"wp:featuredmedia":[{"embeddable":true,"href":"https:\/\/www.radiopresidenteibanez.cl\/web\/wp-json\/wp\/v2\/media\/1379"}],"wp:attachment":[{"href":"https:\/\/www.radiopresidenteibanez.cl\/web\/wp-json\/wp\/v2\/media?parent=1378"}],"wp:term":[{"taxonomy":"category","embeddable":true,"href":"https:\/\/www.radiopresidenteibanez.cl\/web\/wp-json\/wp\/v2\/categories?post=1378"},{"taxonomy":"post_tag","embeddable":true,"href":"https:\/\/www.radiopresidenteibanez.cl\/web\/wp-json\/wp\/v2\/tags?post=1378"}],"curies":[{"name":"wp","href":"https:\/\/api.w.org\/{rel}","templated":true}]}}