{"id":13776,"date":"2020-07-31T19:59:56","date_gmt":"2020-07-31T19:59:56","guid":{"rendered":"https:\/\/www.radiopresidenteibanez.cl\/web\/?p=13776"},"modified":"2020-07-31T19:59:59","modified_gmt":"2020-07-31T19:59:59","slug":"seremi-del-trabajo-sin-duda-es-un-alza-importante-por-ello-estamos-generando-mecanismos-de-incentivo-al-trabajo-y-mejorando-la-ley-de-proteccion-al-empleo","status":"publish","type":"post","link":"https:\/\/www.radiopresidenteibanez.cl\/web\/seremi-del-trabajo-sin-duda-es-un-alza-importante-por-ello-estamos-generando-mecanismos-de-incentivo-al-trabajo-y-mejorando-la-ley-de-proteccion-al-empleo\/","title":{"rendered":"SEREMI DEL TRABAJO: \u201cSIN DUDA ES UN ALZA IMPORTANTE, POR ELLO, ESTAMOS GENERANDO MECANISMOS DE INCENTIVO AL TRABAJO Y MEJORANDO LA LEY DE PROTECCI\u00d3N AL EMPLEO\u201d"},"content":{"rendered":"\n<p>En el marco de la emisi\u00f3n de un nuevo\ninforme de empleo publicado por el Instituto Nacional de Estad\u00edsticas (Ine), el\nd\u00eda de hoy, la Seremi del Trabajo, Victoria Cort\u00e9s Schiattino, se refiri\u00f3 a los\ndatos regionales que dieron cuenta de un aumento de la tasa de desocupaci\u00f3n\npara el trimestre m\u00f3vil que abarca los meses de abril mayo y junio de este a\u00f1o.<\/p>\n\n\n\n<p>De acuerdo a la encuesta, la tasa de\ndesempleo a nivel local alcanz\u00f3 un 8,6%, con un descenso, tanto en la fuerza\nlaboral como en la cantidad de ocupados, quedando con 80 mil y 73 mil\ntrabajadores, respectivamente.<\/p>\n\n\n\n<p>En palabras de la autoridad laboral, \u201ceste\nincremento es bastante m\u00e1s brusco de lo que esper\u00e1bamos. Dada la gravedad de\nlos efectos que ha tenido la crisis del Covid-19 en la econom\u00eda y empleo\nregionales, vemos hoy esto plenamente reflejado en los datos que emite el\nInstituto Nacional de Estad\u00edsticas, con un 8,6% de desempleo, que significa un\nincremento de 5,0 puntos porcentuales en relaci\u00f3n con el mismo per\u00edodo del a\u00f1o\n2019 y representa, en concreto, a m\u00e1s de 6.800 desocupados en la regi\u00f3n\u201d.<\/p>\n\n\n\n<p>Respecto a la evoluci\u00f3n por g\u00e9nero, en\nhombres, la tasa de desempleo lleg\u00f3 a un 8,2%, es decir, 5,1 puntos m\u00e1s\nrespecto a igual per\u00edodo de 2019; mientras que en mujeres anot\u00f3 un 9,1%, con un\naumento de 4,8 puntos.<\/p>\n\n\n\n<p>\u201cHonestamente, se trata de un alza importante,\nhay un deterioro visible en el desempleo en la regi\u00f3n, producto de la crisis\nsanitaria que ha golpeado muy fuerte a muchas familias. Por ello, como Gobierno,\nestamos generando los mecanismos de incentivo al trabajo y mejorando las\nprestaciones de la ley de protecci\u00f3n al empleo para incrementar los ingresos de\nlas personas que est\u00e1n siendo afectadas y ampliar el n\u00famero de trabajadores al\nque estamos llegando con esta medida\u201d, a\u00f1adi\u00f3 la secretaria regional. <\/p>\n\n\n\n<p>Al respecto, Cort\u00e9s se refiri\u00f3 a la\ncontribuci\u00f3n que ha hecho la ley de protecci\u00f3n del empleo para evitar una mayor\nca\u00edda en los puestos de trabajo. \u201cRecordar que hemos tomado una serie de\niniciativas de apoyo, entre ellas, una de las m\u00e1s relevantes es, precisamente,\nla ley de protecci\u00f3n del empleo, que ha permitido mantener las relaciones\nlaborales de m\u00e1s de 8.400 trabajadores en Magallanes. Esta ley ha tenido un\nefecto mitigador, pero no podemos no podemos quedarnos s\u00f3lo con eso, hoy se\nhace m\u00e1s necesario que nunca que el Congreso apruebe el proyecto de ley que mejora\nlas prestaciones de esta ley, para permitir que m\u00e1s personas puedan acceder a\nlos beneficios del seguro de cesant\u00eda\u201d.<\/p>\n\n\n\n<p>Seg\u00fan expres\u00f3 la Seremi, entre los\nsectores m\u00e1s golpeados por esta tasa, se repiten los rubros del Comercio,\nservicios ligados al Turismo y Construcci\u00f3n. \u201cEste informe refleja el trimestre\nm\u00f3vil de abril, mayo junio, donde los sectores m\u00e1s golpeados siguen siendo los\nmismos: el Comercio, donde vemos muchos locales que no han podido reabrir; el\nsector tur\u00edstico, que ha sido muy afectado desde el estallido social; y, la Construcci\u00f3n\nque, si bien reactiv\u00f3 sus labores, aqu\u00ed tenemos un invierno muy duro, adicional\na la pandemia, que ha impedido retomar con una actividad m\u00e1s potente\u201d, declar\u00f3.<\/p>\n\n\n\n<p>La autoridad se\u00f1al\u00f3 que continuar\u00e1n\ntrabajando en medidas para llegar a toda la ciudadan\u00eda y reuni\u00e9ndose con los\ntrabajadores de los sectores que han sido m\u00e1s afectados a fin de continuar\nllevando la ayuda y orientaci\u00f3n a quienes lo requieren.<\/p>\n","protected":false},"excerpt":{"rendered":"<p>En el marco de la emisi\u00f3n de un nuevo informe de empleo publicado por el Instituto Nacional de Estad\u00edsticas (Ine), el d\u00eda de hoy, la Seremi del Trabajo, Victoria Cort\u00e9s&#8230; <a class=\"read-more\" href=\"https:\/\/www.radiopresidenteibanez.cl\/web\/seremi-del-trabajo-sin-duda-es-un-alza-importante-por-ello-estamos-generando-mecanismos-de-incentivo-al-trabajo-y-mejorando-la-ley-de-proteccion-al-empleo\/\">Leer m\u00e1s<\/a><\/p>\n","protected":false},"author":2,"featured_media":13777,"comment_status":"closed","ping_status":"closed","sticky":false,"template":"","format":"standard","meta":{"footnotes":""},"categories":[1],"tags":[],"class_list":["post-13776","post","type-post","status-publish","format-standard","has-post-thumbnail","hentry","category-cronica"],"_links":{"self":[{"href":"https:\/\/www.radiopresidenteibanez.cl\/web\/wp-json\/wp\/v2\/posts\/13776","targetHints":{"allow":["GET"]}}],"collection":[{"href":"https:\/\/www.radiopresidenteibanez.cl\/web\/wp-json\/wp\/v2\/posts"}],"about":[{"href":"https:\/\/www.radiopresidenteibanez.cl\/web\/wp-json\/wp\/v2\/types\/post"}],"author":[{"embeddable":true,"href":"https:\/\/www.radiopresidenteibanez.cl\/web\/wp-json\/wp\/v2\/users\/2"}],"replies":[{"embeddable":true,"href":"https:\/\/www.radiopresidenteibanez.cl\/web\/wp-json\/wp\/v2\/comments?post=13776"}],"version-history":[{"count":0,"href":"https:\/\/www.radiopresidenteibanez.cl\/web\/wp-json\/wp\/v2\/posts\/13776\/revisions"}],"wp:featuredmedia":[{"embeddable":true,"href":"https:\/\/www.radiopresidenteibanez.cl\/web\/wp-json\/wp\/v2\/media\/13777"}],"wp:attachment":[{"href":"https:\/\/www.radiopresidenteibanez.cl\/web\/wp-json\/wp\/v2\/media?parent=13776"}],"wp:term":[{"taxonomy":"category","embeddable":true,"href":"https:\/\/www.radiopresidenteibanez.cl\/web\/wp-json\/wp\/v2\/categories?post=13776"},{"taxonomy":"post_tag","embeddable":true,"href":"https:\/\/www.radiopresidenteibanez.cl\/web\/wp-json\/wp\/v2\/tags?post=13776"}],"curies":[{"name":"wp","href":"https:\/\/api.w.org\/{rel}","templated":true}]}}