{"id":13773,"date":"2020-07-31T19:56:20","date_gmt":"2020-07-31T19:56:20","guid":{"rendered":"https:\/\/www.radiopresidenteibanez.cl\/web\/?p=13773"},"modified":"2020-07-31T19:56:24","modified_gmt":"2020-07-31T19:56:24","slug":"area-salud-municipal-inicia-programa-de-testeo-masivo-trazabilidad-y-aislamiento","status":"publish","type":"post","link":"https:\/\/www.radiopresidenteibanez.cl\/web\/area-salud-municipal-inicia-programa-de-testeo-masivo-trazabilidad-y-aislamiento\/","title":{"rendered":"\u00c1REA SALUD MUNICIPAL INICIA PROGRAMA DE TESTEO MASIVO, TRAZABILIDAD Y AISLAMIENTO"},"content":{"rendered":"\n<p>Desde el pr\u00f3ximo lunes 3 de agosto el nuevo equipo TTA comienza el trabajo que busca pesquisar nuevos casos de COVID-19 en la comuna de Punta Arenas, el cual incorpora 13 profesionales entre m\u00e9dicos, enfermeras, kinesi\u00f3logos, t\u00e9cnicos en enfermer\u00eda y una coordinadora general.<\/p>\n\n\n\n<p>La jefa del \u00c1rea de Salud Municipal, Rosa Bidart explic\u00f3 que \u201cla realizaci\u00f3n de Testeos Masivos es un nuevo avance de la Atenci\u00f3n Primaria de Salud en todos sus Centros Familiares, el cual permitir\u00e1 potenciar la toma de ex\u00e1menes PCR en la poblaci\u00f3n de riesgo, detectar el comportamiento de las personas que son declaradas asintom\u00e1ticas, desarrollar un sistema de Trazabilidad de los casos nuevos, implementando visitas domiciliarias, esto para comprobar el ambiente y entorno de los contagiados, pero tambi\u00e9n para saber si requieren asistencia o ser trasladados a una residencia sanitaria\u201d.<\/p>\n\n\n\n<p>Asimismo, Cecilia S\u00e1ez, enfermera a cargo del Programa explic\u00f3 que en esta etapa \u201cse a\u00f1ade el seguimiento de contactos estrechos para prevenir la propagaci\u00f3n del virus, por lo que se han adoptado todos los protocolos necesarios y las capacitaciones para llevar adelante esta nueva tarea de la Salud Municipal\u201d.<\/p>\n\n\n\n<p>En ese sentido, el alcalde Claudio Radonich valor\u00f3 el trabajo y compromiso de los funcionarios de la Salud Municipal, y adem\u00e1s dijo que \u201cel trabajo que comenzaremos a desarrollar es relevante en el avance o retroceso de la emergencia sanitaria, ya que complementar\u00e1 lo que se realiza desde el Ministerio de Salud\u201d.<\/p>\n\n\n\n<p>Finalmente, Radonich hizo un nuevo llamado al autocuidado y a la prevenci\u00f3n frente a esta pandemia, ya que \u201ces nuestra responsabilidad mantener el Uso de Mascarilla, respetar el Distanciamiento Social y el Lavado constante de Manos, entre otras consideraciones\u201d.<\/p>\n","protected":false},"excerpt":{"rendered":"<p>Desde el pr\u00f3ximo lunes 3 de agosto el nuevo equipo TTA comienza el trabajo que busca pesquisar nuevos casos de COVID-19 en la comuna de Punta Arenas, el cual incorpora&#8230; <a class=\"read-more\" href=\"https:\/\/www.radiopresidenteibanez.cl\/web\/area-salud-municipal-inicia-programa-de-testeo-masivo-trazabilidad-y-aislamiento\/\">Leer m\u00e1s<\/a><\/p>\n","protected":false},"author":2,"featured_media":13774,"comment_status":"closed","ping_status":"closed","sticky":false,"template":"","format":"standard","meta":{"footnotes":""},"categories":[1],"tags":[],"class_list":["post-13773","post","type-post","status-publish","format-standard","has-post-thumbnail","hentry","category-cronica"],"_links":{"self":[{"href":"https:\/\/www.radiopresidenteibanez.cl\/web\/wp-json\/wp\/v2\/posts\/13773","targetHints":{"allow":["GET"]}}],"collection":[{"href":"https:\/\/www.radiopresidenteibanez.cl\/web\/wp-json\/wp\/v2\/posts"}],"about":[{"href":"https:\/\/www.radiopresidenteibanez.cl\/web\/wp-json\/wp\/v2\/types\/post"}],"author":[{"embeddable":true,"href":"https:\/\/www.radiopresidenteibanez.cl\/web\/wp-json\/wp\/v2\/users\/2"}],"replies":[{"embeddable":true,"href":"https:\/\/www.radiopresidenteibanez.cl\/web\/wp-json\/wp\/v2\/comments?post=13773"}],"version-history":[{"count":0,"href":"https:\/\/www.radiopresidenteibanez.cl\/web\/wp-json\/wp\/v2\/posts\/13773\/revisions"}],"wp:featuredmedia":[{"embeddable":true,"href":"https:\/\/www.radiopresidenteibanez.cl\/web\/wp-json\/wp\/v2\/media\/13774"}],"wp:attachment":[{"href":"https:\/\/www.radiopresidenteibanez.cl\/web\/wp-json\/wp\/v2\/media?parent=13773"}],"wp:term":[{"taxonomy":"category","embeddable":true,"href":"https:\/\/www.radiopresidenteibanez.cl\/web\/wp-json\/wp\/v2\/categories?post=13773"},{"taxonomy":"post_tag","embeddable":true,"href":"https:\/\/www.radiopresidenteibanez.cl\/web\/wp-json\/wp\/v2\/tags?post=13773"}],"curies":[{"name":"wp","href":"https:\/\/api.w.org\/{rel}","templated":true}]}}