{"id":13763,"date":"2020-07-31T13:16:22","date_gmt":"2020-07-31T13:16:22","guid":{"rendered":"https:\/\/www.radiopresidenteibanez.cl\/web\/?p=13763"},"modified":"2020-07-31T13:16:26","modified_gmt":"2020-07-31T13:16:26","slug":"area-de-subsidios-del-municipio-de-punta-arenas-se-suma-a-atencion-presencial-del-registro-social-de-hogares","status":"publish","type":"post","link":"https:\/\/www.radiopresidenteibanez.cl\/web\/area-de-subsidios-del-municipio-de-punta-arenas-se-suma-a-atencion-presencial-del-registro-social-de-hogares\/","title":{"rendered":"\u00c1REA DE SUBSIDIOS DEL MUNICIPIO DE PUNTA ARENAS SE SUMA A ATENCI\u00d3N PRESENCIAL DEL REGISTRO SOCIAL DE HOGARES"},"content":{"rendered":"\n<p>Por otras dos semanas, hasta el viernes 14 de agosto, y con\nun m\u00e1ximo de 150 cupos diarios, se mantendr\u00e1 en la escuela Portugal la atenci\u00f3n\npresencial que realiza el Municipio de Punta Arenas, relacionada con el\nRegistro Social de Hogares, a la cual adem\u00e1s se sumaron, esta semana, cuatro\nfuncionarias que atender\u00e1n las demandas relacionadas con los subsidios.<\/p>\n\n\n\n<p>\u201cDespu\u00e9s de esfuerzos no menores, vamos a abrir la atenci\u00f3n\nde subsidios en este lugar. Son dos tipos de subsidio: de agua potable y\nSubsidio \u00danico Familiar, y quiero invitar a las personas que no tengan subsidio\nde agua potable para que puedan postular\u201d, afirm\u00f3 el alcalde de Punta Arenas,\nClaudio Radonich, recordando que para quienes ya cuentan con el beneficio, se\nles renov\u00f3 de manera autom\u00e1tica por 3 a\u00f1os.<\/p>\n\n\n\n<p>Al igual que lo relacionado con el Registro Social de\nHogares, las atenciones relacionadas con los subsidios se realizar\u00e1n en la\nescuela Portugal, de lunes a viernes desde las 9 horas. \u201cHasta hoy, m\u00e1s de\n5.500 familias est\u00e1n con su ficha actualizada producto de este trabajo\nmunicipal presencial. Hay un n\u00famero importante de 5.400 que tambi\u00e9n lo han\nhecho por Internet durante estos meses, pero tambi\u00e9n sabemos y lo tenemos muy\nclaro, que hay muchas personas que no cuentan con los recursos y es m\u00e1s\ncomplejo hacerlo por Internet. As\u00ed que hemos cumplido con estas familias que\nhoy pueden tener una ficha actualizada\u201d, explic\u00f3 la autoridad comunal.<\/p>\n\n\n\n<p>El alcalde reiter\u00f3 el llamado a mantener las medidas de\nautocuidado intentando que un m\u00e1ximo de dos personas acudan al recinto, debido\na que se han visto casos en que grupos de hasta cinco personas han llegado a\nrealizar un tr\u00e1mite, lo cual dificulta el autocuidado y distancia f\u00edsica\nestablecida por la autoridad sanitaria.<\/p>\n","protected":false},"excerpt":{"rendered":"<p>Por otras dos semanas, hasta el viernes 14 de agosto, y con un m\u00e1ximo de 150 cupos diarios, se mantendr\u00e1 en la escuela Portugal la atenci\u00f3n presencial que realiza el&#8230; <a class=\"read-more\" href=\"https:\/\/www.radiopresidenteibanez.cl\/web\/area-de-subsidios-del-municipio-de-punta-arenas-se-suma-a-atencion-presencial-del-registro-social-de-hogares\/\">Leer m\u00e1s<\/a><\/p>\n","protected":false},"author":2,"featured_media":13764,"comment_status":"closed","ping_status":"closed","sticky":false,"template":"","format":"standard","meta":{"footnotes":""},"categories":[1],"tags":[],"class_list":["post-13763","post","type-post","status-publish","format-standard","has-post-thumbnail","hentry","category-cronica"],"_links":{"self":[{"href":"https:\/\/www.radiopresidenteibanez.cl\/web\/wp-json\/wp\/v2\/posts\/13763","targetHints":{"allow":["GET"]}}],"collection":[{"href":"https:\/\/www.radiopresidenteibanez.cl\/web\/wp-json\/wp\/v2\/posts"}],"about":[{"href":"https:\/\/www.radiopresidenteibanez.cl\/web\/wp-json\/wp\/v2\/types\/post"}],"author":[{"embeddable":true,"href":"https:\/\/www.radiopresidenteibanez.cl\/web\/wp-json\/wp\/v2\/users\/2"}],"replies":[{"embeddable":true,"href":"https:\/\/www.radiopresidenteibanez.cl\/web\/wp-json\/wp\/v2\/comments?post=13763"}],"version-history":[{"count":0,"href":"https:\/\/www.radiopresidenteibanez.cl\/web\/wp-json\/wp\/v2\/posts\/13763\/revisions"}],"wp:featuredmedia":[{"embeddable":true,"href":"https:\/\/www.radiopresidenteibanez.cl\/web\/wp-json\/wp\/v2\/media\/13764"}],"wp:attachment":[{"href":"https:\/\/www.radiopresidenteibanez.cl\/web\/wp-json\/wp\/v2\/media?parent=13763"}],"wp:term":[{"taxonomy":"category","embeddable":true,"href":"https:\/\/www.radiopresidenteibanez.cl\/web\/wp-json\/wp\/v2\/categories?post=13763"},{"taxonomy":"post_tag","embeddable":true,"href":"https:\/\/www.radiopresidenteibanez.cl\/web\/wp-json\/wp\/v2\/tags?post=13763"}],"curies":[{"name":"wp","href":"https:\/\/api.w.org\/{rel}","templated":true}]}}