{"id":1376,"date":"2019-02-13T14:31:03","date_gmt":"2019-02-13T14:31:03","guid":{"rendered":"http:\/\/www.radiopresidenteibanez.cl\/web\/?p=1376"},"modified":"2019-02-13T14:31:31","modified_gmt":"2019-02-13T14:31:31","slug":"corte-suprema-confirma-fallo-que-ordeno-a-municipalidad-de-punta-arenas-contratar-interprete-de-senas-para-examen-de-conduccion-de-postulante-sordo","status":"publish","type":"post","link":"https:\/\/www.radiopresidenteibanez.cl\/web\/corte-suprema-confirma-fallo-que-ordeno-a-municipalidad-de-punta-arenas-contratar-interprete-de-senas-para-examen-de-conduccion-de-postulante-sordo\/","title":{"rendered":"CORTE SUPREMA CONFIRMA FALLO QUE ORDEN\u00d3 A MUNICIPALIDAD DE PUNTA ARENAS CONTRATAR INT\u00c9RPRETE DE SE\u00d1AS PARA EXAMEN DE CONDUCCI\u00d3N DE POSTULANTE SORDO"},"content":{"rendered":"\n<p>La Corte Suprema confirm\u00f3 en su totalidad el fallo del 21 de diciembre de 2018 pronunciado por la Primera Sala de la Corte de Apelaciones de Punta Arenas que orden\u00f3 a la municipalidad de la misma ciudad adoptar las medidas pertinentes para que un postulante con discapacidad auditiva pudiera rendir el examen te\u00f3rico de conducci\u00f3n de veh\u00edculos con la intermediaci\u00f3n de un int\u00e9rprete de se\u00f1as calificado,&nbsp; \u201csea \u00e9ste proporcionado por la demandada, por alguna instituci\u00f3n que disponga de esta categor\u00eda de profesionales o por el demandante\u201d. La sentencia, que impon\u00eda tambi\u00e9n al municipio el pago de una multa de 10 unidades tributarias por infringir el art\u00edculo 58 de la ley 20.244, fue recurrida de queja por la demandada.<\/p>\n\n\n\n<p>En fallo un\u00e1nime del 6 de febrero de 2019, la Segunda Sala de la Corte Suprema \u2013integrada por los ministros Hugo Dolmetsch, Carlos K\u00fcnsem\u00fcller, Lamberto Cisternas, Manuel Valderrama y Jorge Dahm-&nbsp; ratific\u00f3 el fallo de alzada en su totalidad, por estimar que \u201cdel m\u00e9rito de autos, lo informado por los jueces recurridos y los antecedentes tenidos a la vista, aparece que los sentenciadores han tenido por acreditados los hechos denunciados, valorando los antecedentes que constaban en el expediente sin vulnerar las reglas de la sana cr\u00edtica, exponiendo las razones en base a las cuales arriban a las conclusiones que agravian al quejoso y, por ende, decidiendo fundadamente la condena motivo del reclamo\u201d.<\/p>\n\n\n\n<p>La Corte Suprema desestim\u00f3, de esta forma, el recurso de queja presentado por la municipalidad de Punta Arenas, argumentando que \u201cm\u00e1s all\u00e1 de proponer una distinta valoraci\u00f3n de los antecedentes y diversas consecuencias jur\u00eddicas de los hechos que de ellos pueden desprenderse, (el quejoso) no ha demostrado ning\u00fan acto u omisi\u00f3n concreto que pueda calificarse de falta o abuso grave, susceptible de enmendarse por esta v\u00eda disciplinaria\u201d.<\/p>\n","protected":false},"excerpt":{"rendered":"<p>La Corte Suprema confirm\u00f3 en su totalidad el fallo del 21 de diciembre de 2018 pronunciado por la Primera Sala de la Corte de Apelaciones de Punta Arenas que orden\u00f3&#8230; <a class=\"read-more\" href=\"https:\/\/www.radiopresidenteibanez.cl\/web\/corte-suprema-confirma-fallo-que-ordeno-a-municipalidad-de-punta-arenas-contratar-interprete-de-senas-para-examen-de-conduccion-de-postulante-sordo\/\">Leer m\u00e1s<\/a><\/p>\n","protected":false},"author":2,"featured_media":136,"comment_status":"closed","ping_status":"closed","sticky":false,"template":"","format":"standard","meta":{"footnotes":""},"categories":[1],"tags":[],"class_list":["post-1376","post","type-post","status-publish","format-standard","has-post-thumbnail","hentry","category-cronica"],"_links":{"self":[{"href":"https:\/\/www.radiopresidenteibanez.cl\/web\/wp-json\/wp\/v2\/posts\/1376","targetHints":{"allow":["GET"]}}],"collection":[{"href":"https:\/\/www.radiopresidenteibanez.cl\/web\/wp-json\/wp\/v2\/posts"}],"about":[{"href":"https:\/\/www.radiopresidenteibanez.cl\/web\/wp-json\/wp\/v2\/types\/post"}],"author":[{"embeddable":true,"href":"https:\/\/www.radiopresidenteibanez.cl\/web\/wp-json\/wp\/v2\/users\/2"}],"replies":[{"embeddable":true,"href":"https:\/\/www.radiopresidenteibanez.cl\/web\/wp-json\/wp\/v2\/comments?post=1376"}],"version-history":[{"count":0,"href":"https:\/\/www.radiopresidenteibanez.cl\/web\/wp-json\/wp\/v2\/posts\/1376\/revisions"}],"wp:featuredmedia":[{"embeddable":true,"href":"https:\/\/www.radiopresidenteibanez.cl\/web\/wp-json\/wp\/v2\/media\/136"}],"wp:attachment":[{"href":"https:\/\/www.radiopresidenteibanez.cl\/web\/wp-json\/wp\/v2\/media?parent=1376"}],"wp:term":[{"taxonomy":"category","embeddable":true,"href":"https:\/\/www.radiopresidenteibanez.cl\/web\/wp-json\/wp\/v2\/categories?post=1376"},{"taxonomy":"post_tag","embeddable":true,"href":"https:\/\/www.radiopresidenteibanez.cl\/web\/wp-json\/wp\/v2\/tags?post=1376"}],"curies":[{"name":"wp","href":"https:\/\/api.w.org\/{rel}","templated":true}]}}