{"id":13751,"date":"2020-07-31T12:55:08","date_gmt":"2020-07-31T12:55:08","guid":{"rendered":"https:\/\/www.radiopresidenteibanez.cl\/web\/?p=13751"},"modified":"2020-07-31T12:55:13","modified_gmt":"2020-07-31T12:55:13","slug":"realizan-examenes-preventivos-de-pcr-a-funcionarios-municipales-de-natales","status":"publish","type":"post","link":"https:\/\/www.radiopresidenteibanez.cl\/web\/realizan-examenes-preventivos-de-pcr-a-funcionarios-municipales-de-natales\/","title":{"rendered":"REALIZAN EX\u00c1MENES PREVENTIVOS DE PCR A FUNCIONARIOS MUNICIPALES DE NATALES"},"content":{"rendered":"\n<p>Como una forma de prevenir y reforzar el testeo masivo\nen el pa\u00eds, la Ilustre Municipalidad de Natales con apoyo del Cesfam Dr. Juan\nLozic P\u00e9rez, realiz\u00f3 la toma de test PCR a los funcionarios que ejecutan\ntrabajos en las calles de la ciudad.<\/p>\n\n\n\n<p>La idea se enmarca dentro de las diversas medidas\nejecutadas por la municipalidad para detectar con anticipaci\u00f3n casos de\ncoronavirus en funcionarios.<\/p>\n\n\n\n<p>En ese contexto, el edil de Natales se\u00f1al\u00f3 que la toma\nde estos ex\u00e1menes se realiz\u00f3 producto de la preocupaci\u00f3n por los funcionarios\nmunicipales. \u201cVa a ser algo habitual principalmente para el personal que est\u00e1\nhaciendo labores de extracci\u00f3n de basura, y tambi\u00e9n de aseo y ornato\u201d.<\/p>\n\n\n\n<p>Paredes, resalt\u00f3 que esto le da tranquilidad a los\ntrabajadores municipales que andan expuestos en sus faenas diarias, y destac\u00f3\nla labor que realizan ellos y el servicio de salud primaria, \u201cyo quisiera\nvalorar y tambi\u00e9n agradecer el trabajo y el compromiso que ha asumido el personal\ndel Centro de Salud Familiar, el Cesfam, porque en definitiva son ellos que van\na tener que llevar a cabo este proceso peri\u00f3dico de toma de ex\u00e1menes PCR a\nnuestra gente\u201d.<\/p>\n\n\n\n<p>El profesional a cargo del procedimiento, Cristian\nVillal\u00f3n, subray\u00f3 el trabajo colaborativo entre la salud primaria y secundaria\npara prevenir el coronavirus. \u201cHay una coordinaci\u00f3n bien grande entre la\nSeremi, el Cesfam y el Hospital para dar esta trazabilidad. Hemos estado toda\nla semana yendo a diferentes tipos de instituciones para lograr la\ntrazabilidad\u201d.<\/p>\n\n\n\n<p>Por su parte, la encargada de la Unidad de Medio\nAmbiente, Aseo y Ornato, se\u00f1al\u00f3 que producto de la pandemia se modificaron los\nturnos de los trabajadores de exteriores, \u201cel personal de aseo tiene un turno\n\u00fanico para que ellos trabajen solamente en la jornada de la ma\u00f1ana. El\nvertedero tambi\u00e9n funciona hasta las dos de la tarde, y el sistema de\nrecolecci\u00f3n lo adelantamos para que hicieran lo m\u00e1s r\u00e1pido posible la\nrecolecci\u00f3n, y la gente pudiera permanecer el mayor tiempo posible en sus\ncasas\u201d, indic\u00f3 Fabiola Vigar.<\/p>\n\n\n\n<p>La toma de ex\u00e1menes se realiz\u00f3 durante toda la semana\nen Maestranza Municipal, realizando los test PCR a los funcionarios encargados\nde despejar nieve y escarcha de la ciudad. La iniciativa se seguir\u00e1 replicando\nlos pr\u00f3ximos meses en todos los funcionarios que se encuentran expuestos al\nCovid-19.<\/p>\n","protected":false},"excerpt":{"rendered":"<p>Como una forma de prevenir y reforzar el testeo masivo en el pa\u00eds, la Ilustre Municipalidad de Natales con apoyo del Cesfam Dr. Juan Lozic P\u00e9rez, realiz\u00f3 la toma de&#8230; <a class=\"read-more\" href=\"https:\/\/www.radiopresidenteibanez.cl\/web\/realizan-examenes-preventivos-de-pcr-a-funcionarios-municipales-de-natales\/\">Leer m\u00e1s<\/a><\/p>\n","protected":false},"author":2,"featured_media":13752,"comment_status":"closed","ping_status":"closed","sticky":false,"template":"","format":"standard","meta":{"footnotes":""},"categories":[1],"tags":[],"class_list":["post-13751","post","type-post","status-publish","format-standard","has-post-thumbnail","hentry","category-cronica"],"_links":{"self":[{"href":"https:\/\/www.radiopresidenteibanez.cl\/web\/wp-json\/wp\/v2\/posts\/13751","targetHints":{"allow":["GET"]}}],"collection":[{"href":"https:\/\/www.radiopresidenteibanez.cl\/web\/wp-json\/wp\/v2\/posts"}],"about":[{"href":"https:\/\/www.radiopresidenteibanez.cl\/web\/wp-json\/wp\/v2\/types\/post"}],"author":[{"embeddable":true,"href":"https:\/\/www.radiopresidenteibanez.cl\/web\/wp-json\/wp\/v2\/users\/2"}],"replies":[{"embeddable":true,"href":"https:\/\/www.radiopresidenteibanez.cl\/web\/wp-json\/wp\/v2\/comments?post=13751"}],"version-history":[{"count":0,"href":"https:\/\/www.radiopresidenteibanez.cl\/web\/wp-json\/wp\/v2\/posts\/13751\/revisions"}],"wp:featuredmedia":[{"embeddable":true,"href":"https:\/\/www.radiopresidenteibanez.cl\/web\/wp-json\/wp\/v2\/media\/13752"}],"wp:attachment":[{"href":"https:\/\/www.radiopresidenteibanez.cl\/web\/wp-json\/wp\/v2\/media?parent=13751"}],"wp:term":[{"taxonomy":"category","embeddable":true,"href":"https:\/\/www.radiopresidenteibanez.cl\/web\/wp-json\/wp\/v2\/categories?post=13751"},{"taxonomy":"post_tag","embeddable":true,"href":"https:\/\/www.radiopresidenteibanez.cl\/web\/wp-json\/wp\/v2\/tags?post=13751"}],"curies":[{"name":"wp","href":"https:\/\/api.w.org\/{rel}","templated":true}]}}