{"id":13748,"date":"2020-07-31T12:53:39","date_gmt":"2020-07-31T12:53:39","guid":{"rendered":"https:\/\/www.radiopresidenteibanez.cl\/web\/?p=13748"},"modified":"2020-07-31T12:53:42","modified_gmt":"2020-07-31T12:53:42","slug":"conadi-lanza-en-magallanes-cursos-online-para-aprender-las-lenguas-originarias","status":"publish","type":"post","link":"https:\/\/www.radiopresidenteibanez.cl\/web\/conadi-lanza-en-magallanes-cursos-online-para-aprender-las-lenguas-originarias\/","title":{"rendered":"CONADI LANZA EN MAGALLANES CURSOS ONLINE PARA APRENDER LAS LENGUAS ORIGINARIAS"},"content":{"rendered":"\n<p>Kaw\u00e9sqar, yag\u00e1n y mapuche ser\u00e1n las tres lenguas que se podr\u00e1n aprender en el nuevo curso que implementar\u00e1 CONADI, dirigido a personas naturales, comunidades o asociaciones ind\u00edgenas de la Regi\u00f3n de Magallanes y de la Ant\u00e1rtica Chilena.<\/p>\n\n\n\n<p>En un periodo de 90 horas cronol\u00f3gicas, hombres y mujeres mayores de 6 a\u00f1os y que cuenten con acreditaci\u00f3n ind\u00edgena, podr\u00e1n ser parte de este taller que tiene como misi\u00f3n contribuir a la valorizaci\u00f3n y fortalecimiento de las lenguas y culturas de los pueblos ind\u00edgenas.<\/p>\n\n\n\n<p>Las postulaciones comenzaron hoy jueves y se extender\u00e1n hasta el 16 de agosto, para dar inicio a contar del mes de septiembre al curso, bajo las modalidades de aprendizaje e-learning y presencial, esta \u00faltima seg\u00fan los protocolos de reuni\u00f3n establecidos por la autoridad sanitaria en el contexto de la pandemia.<\/p>\n\n\n\n<p>Para la Jefa de Oficina de Asuntos Ind\u00edgenas de CONADI en Punta Arenas, Carolina Avenda\u00f1o \u201cpor primera vez este curso ser\u00e1 impartido por personas conocedoras de la lengua y cultura elegidas por los propios alumnos, quienes recibir\u00e1n por parte de CONADI un financiamiento de hasta $5 millones por cada proyecto, considerando un presupuesto total de $35.000.000&nbsp; para organizar y dictar siete talleres, en el marco del programa de Recuperaci\u00f3n y Revitalizaci\u00f3n de las Lenguas Ind\u00edgenas que tiene como prop\u00f3sito entregar recursos para mitigar la progresiva y persistente p\u00e9rdida del uso de las lenguas\u201d.<\/p>\n\n\n\n<p>A su vez, la Seremi de Desarrollo Social y Familia, Liz Casanueva realiz\u00f3 una invitaci\u00f3n a participar, se\u00f1alando que \u201cesta actividad simboliza el compromiso que tiene nuestro gobierno en la preservaci\u00f3n y promoci\u00f3n de la cultura de nuestros nueve pueblos originarios, para que puedan desarrollarse con plenitud mediante esta y tantas otras iniciativas\u201d.<\/p>\n\n\n\n<p>Las bases para ser parte de este curso se encuentran publicadas en el sitio web la instituci\u00f3n&nbsp;<a href=\"http:\/\/www.conadi.gob.cl\/\" target=\"_blank\" rel=\"noreferrer noopener\">http:\/\/www.conadi.gob.cl\/<\/a>, mientras que las consultas ser\u00e1n atendidas en el email&nbsp;<a href=\"mailto:rfernandez@conadi.gov.cl\" target=\"_blank\" rel=\"noreferrer noopener\">rfernandez@conadi.gov.cl<\/a>&nbsp;.<\/p>\n","protected":false},"excerpt":{"rendered":"<p>Kaw\u00e9sqar, yag\u00e1n y mapuche ser\u00e1n las tres lenguas que se podr\u00e1n aprender en el nuevo curso que implementar\u00e1 CONADI, dirigido a personas naturales, comunidades o asociaciones ind\u00edgenas de la Regi\u00f3n&#8230; <a class=\"read-more\" href=\"https:\/\/www.radiopresidenteibanez.cl\/web\/conadi-lanza-en-magallanes-cursos-online-para-aprender-las-lenguas-originarias\/\">Leer m\u00e1s<\/a><\/p>\n","protected":false},"author":2,"featured_media":13749,"comment_status":"closed","ping_status":"closed","sticky":false,"template":"","format":"standard","meta":{"footnotes":""},"categories":[1],"tags":[],"class_list":["post-13748","post","type-post","status-publish","format-standard","has-post-thumbnail","hentry","category-cronica"],"_links":{"self":[{"href":"https:\/\/www.radiopresidenteibanez.cl\/web\/wp-json\/wp\/v2\/posts\/13748","targetHints":{"allow":["GET"]}}],"collection":[{"href":"https:\/\/www.radiopresidenteibanez.cl\/web\/wp-json\/wp\/v2\/posts"}],"about":[{"href":"https:\/\/www.radiopresidenteibanez.cl\/web\/wp-json\/wp\/v2\/types\/post"}],"author":[{"embeddable":true,"href":"https:\/\/www.radiopresidenteibanez.cl\/web\/wp-json\/wp\/v2\/users\/2"}],"replies":[{"embeddable":true,"href":"https:\/\/www.radiopresidenteibanez.cl\/web\/wp-json\/wp\/v2\/comments?post=13748"}],"version-history":[{"count":0,"href":"https:\/\/www.radiopresidenteibanez.cl\/web\/wp-json\/wp\/v2\/posts\/13748\/revisions"}],"wp:featuredmedia":[{"embeddable":true,"href":"https:\/\/www.radiopresidenteibanez.cl\/web\/wp-json\/wp\/v2\/media\/13749"}],"wp:attachment":[{"href":"https:\/\/www.radiopresidenteibanez.cl\/web\/wp-json\/wp\/v2\/media?parent=13748"}],"wp:term":[{"taxonomy":"category","embeddable":true,"href":"https:\/\/www.radiopresidenteibanez.cl\/web\/wp-json\/wp\/v2\/categories?post=13748"},{"taxonomy":"post_tag","embeddable":true,"href":"https:\/\/www.radiopresidenteibanez.cl\/web\/wp-json\/wp\/v2\/tags?post=13748"}],"curies":[{"name":"wp","href":"https:\/\/api.w.org\/{rel}","templated":true}]}}