{"id":1374,"date":"2019-02-13T01:44:48","date_gmt":"2019-02-13T01:44:48","guid":{"rendered":"http:\/\/www.radiopresidenteibanez.cl\/web\/?p=1374"},"modified":"2019-02-13T01:45:16","modified_gmt":"2019-02-13T01:45:16","slug":"presidente-del-consejo-regional-ante-nuevo-cambio-de-intendente-esperemos-que-esto-se-normalice-y-que-de-verdad-nos-pongamos-a-trabajar","status":"publish","type":"post","link":"https:\/\/www.radiopresidenteibanez.cl\/web\/presidente-del-consejo-regional-ante-nuevo-cambio-de-intendente-esperemos-que-esto-se-normalice-y-que-de-verdad-nos-pongamos-a-trabajar\/","title":{"rendered":"PRESIDENTE DEL CONSEJO REGIONAL ANTE NUEVO CAMBIO DE INTENDENTE \u201cESPEREMOS QUE ESTO SE NORMALICE Y QUE DE VERDAD NOS PONGAMOS A TRABAJAR\u201d"},"content":{"rendered":"\n<p> El presidente del Consejo Regional, Tolentino Soto, se refiri\u00f3 al nuevo cambio de intendente ocurrido en la regi\u00f3n de Magallanes, cargo que la ma\u00f1ana de este mi\u00e9rcoles (13 de febrero) ser\u00e1 asumido por Jos\u00e9 Fern\u00e1ndez D\u00fcbrock.\u00a0\u00a0<\/p>\n\n\n\n<p>Soto Espa\u00f1a lament\u00f3 que no exista una continuidad en el cargo m\u00e1s importante de la regi\u00f3n, y manifest\u00f3 estar esperanzado en que el actual jefe regional realice un trabajo conjunto con el pleno.\u201cAqu\u00ed no puede trabajar cada uno por su lado, porque tanto el Ejecutivo como nosotros, necesitamos que los proyectos que se implementen sean necesidades inmediatas y urgentes y que sean prioridades. <\/p>\n\n\n\n<p>No podemos comenzar a construir aqu\u00ed, en Magallanes, cosas que hoy no son urgentes, porque las necesidades son muchas, y se requiere hacer cosas que hoy la poblaci\u00f3n demanda\u201d, afirm\u00f3.El representante del Cuerpo Colegiado se refiri\u00f3 al tema habitacional, conectividad, inversi\u00f3n portuaria, entre otros. \u201cAc\u00e1 en \u00daltima Esperanza nos llamamos Puerto Natales y lo \u00fanico que tenemos es un muelle. Est\u00e1 pendiente el tema de la inversi\u00f3n del Kirke, Centro Ant\u00e1rtico, el mismo puerto de Punta Arenas, que se decida si se va a hacer una d\u00e1rsena, o qu\u00e9 es lo que se va a hacer. <\/p>\n\n\n\n<p>Pero ese tipo de decisiones deben tomarse e implementarse ahora\u201d, puntualiz\u00f3.Por otro lado, el presidente del Consejo Regional lament\u00f3 que no exista una continuidad respecto al cargo de intendente, tomando en cuenta que el nuevo nombramiento se produce en menos de un a\u00f1o de haber asumido el actual Gobierno.\u00a0<\/p>\n\n\n\n<p>\u201cHay un retraso normal, porque tienen que empaparse de temas, tienen que empezar de nuevo, a lo mejor hay modificaci\u00f3n de los equipos y por consiguiente tambi\u00e9n, hay un tema que hay que criticar, es decir, aqu\u00ed no hab\u00eda una preparaci\u00f3n para gobernar en el conglomerado pol\u00edtico. Entonces, esperemos que esto se normalice y que de verdad nos pongamos a trabajar, que es lo que todos esperamos\u201d, puntualiz\u00f3.<\/p>\n\n\n\n<p>Finalmente, el representante del pleno se\u00f1al\u00f3 estar tranquilo, puesto que conoce a la nueva autoridad regional y tiene confianza en que estar\u00e1 dispuesto a trabajar junto al Consejo Regional, luego de que Fern\u00e1ndez D\u00fcbrock fuera, en varias oportunidades, integrante del cuerpo colegiado.\u00a0 <\/p>\n","protected":false},"excerpt":{"rendered":"<p>El presidente del Consejo Regional, Tolentino Soto, se refiri\u00f3 al nuevo cambio de intendente ocurrido en la regi\u00f3n de Magallanes, cargo que la ma\u00f1ana de este mi\u00e9rcoles (13 de febrero)&#8230; <a class=\"read-more\" href=\"https:\/\/www.radiopresidenteibanez.cl\/web\/presidente-del-consejo-regional-ante-nuevo-cambio-de-intendente-esperemos-que-esto-se-normalice-y-que-de-verdad-nos-pongamos-a-trabajar\/\">Leer m\u00e1s<\/a><\/p>\n","protected":false},"author":2,"featured_media":963,"comment_status":"closed","ping_status":"closed","sticky":false,"template":"","format":"standard","meta":{"footnotes":""},"categories":[5],"tags":[],"class_list":["post-1374","post","type-post","status-publish","format-standard","has-post-thumbnail","hentry","category-politica"],"_links":{"self":[{"href":"https:\/\/www.radiopresidenteibanez.cl\/web\/wp-json\/wp\/v2\/posts\/1374","targetHints":{"allow":["GET"]}}],"collection":[{"href":"https:\/\/www.radiopresidenteibanez.cl\/web\/wp-json\/wp\/v2\/posts"}],"about":[{"href":"https:\/\/www.radiopresidenteibanez.cl\/web\/wp-json\/wp\/v2\/types\/post"}],"author":[{"embeddable":true,"href":"https:\/\/www.radiopresidenteibanez.cl\/web\/wp-json\/wp\/v2\/users\/2"}],"replies":[{"embeddable":true,"href":"https:\/\/www.radiopresidenteibanez.cl\/web\/wp-json\/wp\/v2\/comments?post=1374"}],"version-history":[{"count":0,"href":"https:\/\/www.radiopresidenteibanez.cl\/web\/wp-json\/wp\/v2\/posts\/1374\/revisions"}],"wp:featuredmedia":[{"embeddable":true,"href":"https:\/\/www.radiopresidenteibanez.cl\/web\/wp-json\/wp\/v2\/media\/963"}],"wp:attachment":[{"href":"https:\/\/www.radiopresidenteibanez.cl\/web\/wp-json\/wp\/v2\/media?parent=1374"}],"wp:term":[{"taxonomy":"category","embeddable":true,"href":"https:\/\/www.radiopresidenteibanez.cl\/web\/wp-json\/wp\/v2\/categories?post=1374"},{"taxonomy":"post_tag","embeddable":true,"href":"https:\/\/www.radiopresidenteibanez.cl\/web\/wp-json\/wp\/v2\/tags?post=1374"}],"curies":[{"name":"wp","href":"https:\/\/api.w.org\/{rel}","templated":true}]}}