{"id":13728,"date":"2020-07-30T12:48:16","date_gmt":"2020-07-30T12:48:16","guid":{"rendered":"https:\/\/www.radiopresidenteibanez.cl\/web\/?p=13728"},"modified":"2020-07-30T12:48:20","modified_gmt":"2020-07-30T12:48:20","slug":"la-alerta-en-puerto-eden-por-rolando-martinez","status":"publish","type":"post","link":"https:\/\/www.radiopresidenteibanez.cl\/web\/la-alerta-en-puerto-eden-por-rolando-martinez\/","title":{"rendered":"LA ALERTA EN PUERTO ED\u00c9N por Rolando Mart\u00ednez"},"content":{"rendered":"\n<p>Puerto Ed\u00e9n estaba\nlibre de coronavirus y hasta ahora se hab\u00eda mantenido como si estuviese en una\nburbuja a pesar que todas las semanas pasan por all\u00ed los ferrys que cubren el\ntr\u00e1fico entre Puerto Natales a Puerto Montt y a Puerto Yungay.<\/p>\n\n\n\n<p>Sin embargo, bast\u00f3 que\nllegara un efectivo naval con sintomatolog\u00eda de covid 19 para que se activaran\nlas alertas y los temores en los habitantes de esa apartada localidad de los\ncanales patag\u00f3nicos y a poco m\u00e1s de 400 kil\u00f3metros al norte de la ciudad\ncapital de Ultima Esperanza.<\/p>\n\n\n\n<p>La informaci\u00f3n\ndifundida el lunes dio cuenta que la Armada debi\u00f3 evacuar a Puerto Natales a\ncinco efectivos y que al realizarse los ex\u00e1menes dio positivo el marino que\npresentaba s\u00edntomas.<\/p>\n\n\n\n<p>Las organizaciones\nciviles de la localidad no tardaron en reclamar la falta de rigurosidad y\nresponsabilidad de parte del efectivo naval que debi\u00f3 adoptar los protocolos de\ncuarentena al haber llegado a Puerto Ed\u00e9n a bordo del ferry de Naviera\nMagallanes la semana pasada.<\/p>\n\n\n\n<p>Paralelamente, la\nArmada dispuso que el mismo lunes en la tarde zarpara desde Puerto Natales a\nPuerto Ed\u00e9n una lancha patrullera llevando a personal de salud para que realice\nex\u00e1menes al total de la poblaci\u00f3n. La instituci\u00f3n demostr\u00f3 su preocupaci\u00f3n\nporque se realice el testeo a toda la comunidad y se detecten eventuales nuevos\ncasos.<\/p>\n\n\n\n<p>Los directivos de\nPuerto Ed\u00e9n reclamaron que el efectivo con sintomatolog\u00eda hab\u00eda recorrido\nalmacenes y habr\u00eda tenido contacto con algunos habitantes lo cual solo hizo\nagudizar el temor e incertidumbre por una eventual propagaci\u00f3n del Covid 19 en\nel poblado donde no hay veh\u00edculos y solo se accede por la v\u00eda mar\u00edtima y \u00e1rea\npor helic\u00f3ptero.<\/p>\n\n\n\n<p>Este nuevo episodio de\nalerta sanitaria por la pandemia, y que ocurre en un poblado de no m\u00e1s de 90\nhabitantes, nos vuelve a demostrar lo complicado que resulta llevar a control\nel coronavirus y que aunque parezca a veces que la pandemia est\u00e1 controlada o\nque bajan los contagios, es solo una se\u00f1al equ\u00edvoca donde parece m\u00e1s un juego\ndel propio Covid 19 por querer enga\u00f1ar a la humanidad para que se relaje en sus\ncomportamientos.<\/p>\n\n\n\n<p>Pareciera que estamos\nante un virus indestructible. Por ello adquiere importancia, y a veces\ndespierta ansiedad, que m\u00e1s temprano que tarde aparezca el medicamento o la\nvacuna que permita mantener a raya la propagaci\u00f3n.<\/p>\n\n\n\n<p>Ahora, ante la falta\nde una soluci\u00f3n definitiva, nuevamente es clave mantener el comportamiento de\nuso de mascarilla y distanciamiento social, pero para aquellos que se trasladan\nde una ciudad a otro lugar deben agregar a su agenda 14 d\u00edas de cuarentena\ndonde lleguen. Y para ello es clave tambi\u00e9n que los empleadores, los jefes\nentiendan que eso debe ser as\u00ed. Deben haber responsabilidades compartidas: en\nquienes viajan por quedarse encerrados y no salir a exponerse y por quienes\ndeciden trasladar personal, entender que deber\u00e1n preocuparse a que se cumpla la\nefectiva cuarentena.<\/p>\n","protected":false},"excerpt":{"rendered":"<p>Puerto Ed\u00e9n estaba libre de coronavirus y hasta ahora se hab\u00eda mantenido como si estuviese en una burbuja a pesar que todas las semanas pasan por all\u00ed los ferrys que&#8230; <a class=\"read-more\" href=\"https:\/\/www.radiopresidenteibanez.cl\/web\/la-alerta-en-puerto-eden-por-rolando-martinez\/\">Leer m\u00e1s<\/a><\/p>\n","protected":false},"author":2,"featured_media":13729,"comment_status":"closed","ping_status":"closed","sticky":false,"template":"","format":"standard","meta":{"footnotes":""},"categories":[1],"tags":[],"class_list":["post-13728","post","type-post","status-publish","format-standard","has-post-thumbnail","hentry","category-cronica"],"_links":{"self":[{"href":"https:\/\/www.radiopresidenteibanez.cl\/web\/wp-json\/wp\/v2\/posts\/13728","targetHints":{"allow":["GET"]}}],"collection":[{"href":"https:\/\/www.radiopresidenteibanez.cl\/web\/wp-json\/wp\/v2\/posts"}],"about":[{"href":"https:\/\/www.radiopresidenteibanez.cl\/web\/wp-json\/wp\/v2\/types\/post"}],"author":[{"embeddable":true,"href":"https:\/\/www.radiopresidenteibanez.cl\/web\/wp-json\/wp\/v2\/users\/2"}],"replies":[{"embeddable":true,"href":"https:\/\/www.radiopresidenteibanez.cl\/web\/wp-json\/wp\/v2\/comments?post=13728"}],"version-history":[{"count":0,"href":"https:\/\/www.radiopresidenteibanez.cl\/web\/wp-json\/wp\/v2\/posts\/13728\/revisions"}],"wp:featuredmedia":[{"embeddable":true,"href":"https:\/\/www.radiopresidenteibanez.cl\/web\/wp-json\/wp\/v2\/media\/13729"}],"wp:attachment":[{"href":"https:\/\/www.radiopresidenteibanez.cl\/web\/wp-json\/wp\/v2\/media?parent=13728"}],"wp:term":[{"taxonomy":"category","embeddable":true,"href":"https:\/\/www.radiopresidenteibanez.cl\/web\/wp-json\/wp\/v2\/categories?post=13728"},{"taxonomy":"post_tag","embeddable":true,"href":"https:\/\/www.radiopresidenteibanez.cl\/web\/wp-json\/wp\/v2\/tags?post=13728"}],"curies":[{"name":"wp","href":"https:\/\/api.w.org\/{rel}","templated":true}]}}