{"id":13723,"date":"2020-07-30T12:42:57","date_gmt":"2020-07-30T12:42:57","guid":{"rendered":"https:\/\/www.radiopresidenteibanez.cl\/web\/?p=13723"},"modified":"2020-07-30T12:43:00","modified_gmt":"2020-07-30T12:43:00","slug":"se-constituyo-en-magallanes-mesa-de-coordinacion-interinstitucional-contra-el-trafico-de-drogas","status":"publish","type":"post","link":"https:\/\/www.radiopresidenteibanez.cl\/web\/se-constituyo-en-magallanes-mesa-de-coordinacion-interinstitucional-contra-el-trafico-de-drogas\/","title":{"rendered":"SE CONSTITUY\u00d3 EN MAGALLANES, MESA DE COORDINACI\u00d3N INTERINSTITUCIONAL CONTRA EL TR\u00c1FICO DE DROGAS"},"content":{"rendered":"\n<p>Crear y profundizar estrategias de persecuci\u00f3n y prevenci\u00f3n del delito de drogas y dar&nbsp; pasos hacia la ejecuci\u00f3n de t\u00e1cticas conjuntas para desarticular la operatividad de agrupaciones criminales destinadas a importar droga a trav\u00e9s de nuestros pasos fronterizos regionales, es el&nbsp;objetivo de la Mesa Regional de Coordinaci\u00f3n Interinstitucional contra el Tr\u00e1fico Il\u00edcito de Drogas.<\/p>\n\n\n\n<p>Esta importante actividad convocado por la Fiscal\u00eda de Magallanes y&nbsp; constituida, hoy, por los Alcaldes de la Regi\u00f3n, los principales representantes de la III Zona Naval, de Carabineros de Chile, de la Polic\u00eda de Investigaciones,&nbsp; de Seguridad P\u00fablica, de Aduana, de Senda y DGAC, quienes acordaron&nbsp; reunirse peri\u00f3dicamente&nbsp;a objeto de evitar la importaci\u00f3n de drogas il\u00edcitas por nuestras fronteras y&nbsp;contribuir a prevenir, perseguir y sancionar los delitos afectos a la ley 20.000.- en la regi\u00f3n.<\/p>\n","protected":false},"excerpt":{"rendered":"<p>Crear y profundizar estrategias de persecuci\u00f3n y prevenci\u00f3n del delito de drogas y dar&nbsp; pasos hacia la ejecuci\u00f3n de t\u00e1cticas conjuntas para desarticular la operatividad de agrupaciones criminales destinadas a&#8230; <a class=\"read-more\" href=\"https:\/\/www.radiopresidenteibanez.cl\/web\/se-constituyo-en-magallanes-mesa-de-coordinacion-interinstitucional-contra-el-trafico-de-drogas\/\">Leer m\u00e1s<\/a><\/p>\n","protected":false},"author":2,"featured_media":13724,"comment_status":"closed","ping_status":"closed","sticky":false,"template":"","format":"standard","meta":{"footnotes":""},"categories":[1],"tags":[],"class_list":["post-13723","post","type-post","status-publish","format-standard","has-post-thumbnail","hentry","category-cronica"],"_links":{"self":[{"href":"https:\/\/www.radiopresidenteibanez.cl\/web\/wp-json\/wp\/v2\/posts\/13723","targetHints":{"allow":["GET"]}}],"collection":[{"href":"https:\/\/www.radiopresidenteibanez.cl\/web\/wp-json\/wp\/v2\/posts"}],"about":[{"href":"https:\/\/www.radiopresidenteibanez.cl\/web\/wp-json\/wp\/v2\/types\/post"}],"author":[{"embeddable":true,"href":"https:\/\/www.radiopresidenteibanez.cl\/web\/wp-json\/wp\/v2\/users\/2"}],"replies":[{"embeddable":true,"href":"https:\/\/www.radiopresidenteibanez.cl\/web\/wp-json\/wp\/v2\/comments?post=13723"}],"version-history":[{"count":0,"href":"https:\/\/www.radiopresidenteibanez.cl\/web\/wp-json\/wp\/v2\/posts\/13723\/revisions"}],"wp:featuredmedia":[{"embeddable":true,"href":"https:\/\/www.radiopresidenteibanez.cl\/web\/wp-json\/wp\/v2\/media\/13724"}],"wp:attachment":[{"href":"https:\/\/www.radiopresidenteibanez.cl\/web\/wp-json\/wp\/v2\/media?parent=13723"}],"wp:term":[{"taxonomy":"category","embeddable":true,"href":"https:\/\/www.radiopresidenteibanez.cl\/web\/wp-json\/wp\/v2\/categories?post=13723"},{"taxonomy":"post_tag","embeddable":true,"href":"https:\/\/www.radiopresidenteibanez.cl\/web\/wp-json\/wp\/v2\/tags?post=13723"}],"curies":[{"name":"wp","href":"https:\/\/api.w.org\/{rel}","templated":true}]}}