{"id":1371,"date":"2019-02-13T01:42:07","date_gmt":"2019-02-13T01:42:07","guid":{"rendered":"http:\/\/www.radiopresidenteibanez.cl\/web\/?p=1371"},"modified":"2019-02-13T01:42:20","modified_gmt":"2019-02-13T01:42:20","slug":"renuncia-con-elastico-juan-jose-arcos-anuncio-su-salida-de-la-gobernacion-antartica-pero-a-los-minutos-se-dijo-lo-contrario","status":"publish","type":"post","link":"https:\/\/www.radiopresidenteibanez.cl\/web\/renuncia-con-elastico-juan-jose-arcos-anuncio-su-salida-de-la-gobernacion-antartica-pero-a-los-minutos-se-dijo-lo-contrario\/","title":{"rendered":"\u00bfRENUNCIA CON EL\u00c1STICO? JUAN JOS\u00c9 ARCOS ANUNCI\u00d3 SU SALIDA DE LA GOBERNACI\u00d3N ANT\u00c1RTICA, PERO A LOS MINUTOS SE DIJO LO CONTRARIO"},"content":{"rendered":"\n<p>Cerca de las 17:30 horas, cuando\nya se conoc\u00eda sobre la salida de Mar\u00eda Teresa Casta\u00f1\u00f3n de la Intendencia y\nNicol\u00e1s Cogler de la Gobernaci\u00f3n de Magallanes, se comentaba que Juan Jos\u00e9\nArcos tambi\u00e9n hab\u00eda presentado su renuncia, el mismo abogado y pol\u00edtico Magall\u00e1nico\nen diferentes medios regionales y v\u00eda redes sociales, se desped\u00eda tanto de sus\ncolaboradores como de los representantes de los medios de comunicaci\u00f3n, afirmando\nque se le hab\u00eda aceptado la renuncia como Gobernador de la Provincia Ant\u00e1rtica.<\/p>\n\n\n\n<p>\u00bfpero qu\u00e9 pas\u00f3? \u00bffue una renuncia\ncon el\u00e1stico? Como lo dice nuestro titular, a los minutos despu\u00e9s Arcos,\nmanifestaba que no saldr\u00eda de su cargo, aludiendo a un error comunicacional por\nparte de su partido, quienes hab\u00edan informado sobre su salida, pero despu\u00e9s desde\nSantiago le confirmaban que segu\u00eda contando con la confianza del presidente Sebasti\u00e1n\nPi\u00f1era.<\/p>\n\n\n\n<p>Cabe mencionar que hace unas semanas\nel mismo Arcos, expres\u00f3 que el solo habr\u00eda aceptado el cargo por un a\u00f1o, as\u00ed\nque despu\u00e9s de eso se ver\u00eda si segu\u00eda o no.<\/p>\n","protected":false},"excerpt":{"rendered":"<p>Cerca de las 17:30 horas, cuando ya se conoc\u00eda sobre la salida de Mar\u00eda Teresa Casta\u00f1\u00f3n de la Intendencia y Nicol\u00e1s Cogler de la Gobernaci\u00f3n de Magallanes, se comentaba que&#8230; <a class=\"read-more\" href=\"https:\/\/www.radiopresidenteibanez.cl\/web\/renuncia-con-elastico-juan-jose-arcos-anuncio-su-salida-de-la-gobernacion-antartica-pero-a-los-minutos-se-dijo-lo-contrario\/\">Leer m\u00e1s<\/a><\/p>\n","protected":false},"author":2,"featured_media":1372,"comment_status":"closed","ping_status":"closed","sticky":false,"template":"","format":"standard","meta":{"footnotes":""},"categories":[5],"tags":[],"class_list":["post-1371","post","type-post","status-publish","format-standard","has-post-thumbnail","hentry","category-politica"],"_links":{"self":[{"href":"https:\/\/www.radiopresidenteibanez.cl\/web\/wp-json\/wp\/v2\/posts\/1371","targetHints":{"allow":["GET"]}}],"collection":[{"href":"https:\/\/www.radiopresidenteibanez.cl\/web\/wp-json\/wp\/v2\/posts"}],"about":[{"href":"https:\/\/www.radiopresidenteibanez.cl\/web\/wp-json\/wp\/v2\/types\/post"}],"author":[{"embeddable":true,"href":"https:\/\/www.radiopresidenteibanez.cl\/web\/wp-json\/wp\/v2\/users\/2"}],"replies":[{"embeddable":true,"href":"https:\/\/www.radiopresidenteibanez.cl\/web\/wp-json\/wp\/v2\/comments?post=1371"}],"version-history":[{"count":0,"href":"https:\/\/www.radiopresidenteibanez.cl\/web\/wp-json\/wp\/v2\/posts\/1371\/revisions"}],"wp:featuredmedia":[{"embeddable":true,"href":"https:\/\/www.radiopresidenteibanez.cl\/web\/wp-json\/wp\/v2\/media\/1372"}],"wp:attachment":[{"href":"https:\/\/www.radiopresidenteibanez.cl\/web\/wp-json\/wp\/v2\/media?parent=1371"}],"wp:term":[{"taxonomy":"category","embeddable":true,"href":"https:\/\/www.radiopresidenteibanez.cl\/web\/wp-json\/wp\/v2\/categories?post=1371"},{"taxonomy":"post_tag","embeddable":true,"href":"https:\/\/www.radiopresidenteibanez.cl\/web\/wp-json\/wp\/v2\/tags?post=1371"}],"curies":[{"name":"wp","href":"https:\/\/api.w.org\/{rel}","templated":true}]}}