{"id":13692,"date":"2020-07-28T17:53:52","date_gmt":"2020-07-28T17:53:52","guid":{"rendered":"https:\/\/www.radiopresidenteibanez.cl\/web\/?p=13692"},"modified":"2020-07-28T17:53:56","modified_gmt":"2020-07-28T17:53:56","slug":"presidente-efectuo-quinto-cambio-de-gabinete-sale-blumel-y-sorpresivamente-se-mantiene-briones","status":"publish","type":"post","link":"https:\/\/www.radiopresidenteibanez.cl\/web\/presidente-efectuo-quinto-cambio-de-gabinete-sale-blumel-y-sorpresivamente-se-mantiene-briones\/","title":{"rendered":"PRESIDENTE EFECTU\u00d3 QUINTO CAMBIO DE GABINETE: SALE BLUMEL Y SORPRESIVAMENTE SE MANTIENE BRIONES"},"content":{"rendered":"\n<p>LOS\nCAMBIOS<\/p>\n\n\n\n<p>Ministerio del Interior y Seguridad P\u00fablica:<\/p>\n\n\n\n<p>SALE: Gonzalo Blumel \u2013 INGRESA: V\u00edctor P\u00e9rez <\/p>\n\n\n\n<p>Ministerio Secretar\u00eda General de Gobierno:<\/p>\n\n\n\n<p>SALE: Karla Rubilar \u2013 INGRESA: Jaime Bellolio<\/p>\n\n\n\n<p>Ministerio de Desarrollo Social y Familia:<\/p>\n\n\n\n<p>SALE: Cristian Monckenberg \u2013 INGRESA: Karla Rubilar\n<\/p>\n\n\n\n<p>Ministerio Secretar\u00eda General de la Presidencia:<\/p>\n\n\n\n<p>SALE: Claudio Alvarado \u2013 INGRESA: Cristian Monckenberg<\/p>\n\n\n\n<p>Ministerio de Relaciones Exteriores:<\/p>\n\n\n\n<p>SALE:\u00a0\u00a0\u00a0 Teodoro RiBera\u00a0\u00a0\u00a0\u00a0\u00a0\u00a0\u00a0\u00a0\u00a0\u00a0\u00a0 &#8211; INGRESA: Andr\u00e9s Allamand<\/p>\n\n\n\n<p>Ministerio de Defensa Nacional:<\/p>\n\n\n\n<p>SALE:&nbsp;&nbsp;&nbsp; Alberto\nEspina&nbsp;&nbsp;&nbsp;&nbsp;&nbsp;&nbsp;&nbsp;&nbsp;&nbsp;&nbsp;&nbsp;&nbsp;&nbsp; &#8211; INGRESA: Mario\nDesbordes<\/p>\n","protected":false},"excerpt":{"rendered":"<p>LOS CAMBIOS Ministerio del Interior y Seguridad P\u00fablica: SALE: Gonzalo Blumel \u2013 INGRESA: V\u00edctor P\u00e9rez Ministerio Secretar\u00eda General de Gobierno: SALE: Karla Rubilar \u2013 INGRESA: Jaime Bellolio Ministerio de Desarrollo&#8230; <a class=\"read-more\" href=\"https:\/\/www.radiopresidenteibanez.cl\/web\/presidente-efectuo-quinto-cambio-de-gabinete-sale-blumel-y-sorpresivamente-se-mantiene-briones\/\">Leer m\u00e1s<\/a><\/p>\n","protected":false},"author":2,"featured_media":13693,"comment_status":"closed","ping_status":"closed","sticky":false,"template":"","format":"standard","meta":{"footnotes":""},"categories":[5],"tags":[],"class_list":["post-13692","post","type-post","status-publish","format-standard","has-post-thumbnail","hentry","category-politica"],"_links":{"self":[{"href":"https:\/\/www.radiopresidenteibanez.cl\/web\/wp-json\/wp\/v2\/posts\/13692","targetHints":{"allow":["GET"]}}],"collection":[{"href":"https:\/\/www.radiopresidenteibanez.cl\/web\/wp-json\/wp\/v2\/posts"}],"about":[{"href":"https:\/\/www.radiopresidenteibanez.cl\/web\/wp-json\/wp\/v2\/types\/post"}],"author":[{"embeddable":true,"href":"https:\/\/www.radiopresidenteibanez.cl\/web\/wp-json\/wp\/v2\/users\/2"}],"replies":[{"embeddable":true,"href":"https:\/\/www.radiopresidenteibanez.cl\/web\/wp-json\/wp\/v2\/comments?post=13692"}],"version-history":[{"count":0,"href":"https:\/\/www.radiopresidenteibanez.cl\/web\/wp-json\/wp\/v2\/posts\/13692\/revisions"}],"wp:featuredmedia":[{"embeddable":true,"href":"https:\/\/www.radiopresidenteibanez.cl\/web\/wp-json\/wp\/v2\/media\/13693"}],"wp:attachment":[{"href":"https:\/\/www.radiopresidenteibanez.cl\/web\/wp-json\/wp\/v2\/media?parent=13692"}],"wp:term":[{"taxonomy":"category","embeddable":true,"href":"https:\/\/www.radiopresidenteibanez.cl\/web\/wp-json\/wp\/v2\/categories?post=13692"},{"taxonomy":"post_tag","embeddable":true,"href":"https:\/\/www.radiopresidenteibanez.cl\/web\/wp-json\/wp\/v2\/tags?post=13692"}],"curies":[{"name":"wp","href":"https:\/\/api.w.org\/{rel}","templated":true}]}}