{"id":13689,"date":"2020-07-28T13:26:44","date_gmt":"2020-07-28T13:26:44","guid":{"rendered":"https:\/\/www.radiopresidenteibanez.cl\/web\/?p=13689"},"modified":"2020-07-28T13:26:47","modified_gmt":"2020-07-28T13:26:47","slug":"intendente-y-seremi-de-economia-se-reunen-con-empresa-que-invertira-30-millones-de-dolares-en-la-region-de-magallanes","status":"publish","type":"post","link":"https:\/\/www.radiopresidenteibanez.cl\/web\/intendente-y-seremi-de-economia-se-reunen-con-empresa-que-invertira-30-millones-de-dolares-en-la-region-de-magallanes\/","title":{"rendered":"INTENDENTE Y SEREMI DE ECONOM\u00cdA SE RE\u00daNEN CON EMPRESA QUE INVERTIR\u00c1 30 MILLONES DE D\u00d3LARES EN LA REGI\u00d3N DE MAGALLANES"},"content":{"rendered":"\n<p>Se trata de dos plantas de proceso, cuya inversi\u00f3n\nbordea los 30 millones de d\u00f3lares y que requerir\u00e1 m\u00e1s de 200 trabajadores en su\nfase de construcci\u00f3n y funcionamiento. La operaci\u00f3n estar\u00e1 ubicada en el sector\nindustrial de Cabo Negro, a 28.5 km de Punta Arenas. Circular Protein pretende\nser una soluci\u00f3n ambiental para la regi\u00f3n, transformando los residuos de la\nindustria salmonera en subproductos de alto valor nutricional.<\/p>\n\n\n\n<p>Detr\u00e1s de Circular Protein est\u00e1 Landes, pesquera con\nm\u00e1s de 60 a\u00f1os de historia y la primera en desarrollar hidrolizados en el pa\u00eds.\nLandes es reconocido por ser un motor regional y en sus operaciones m\u00e1s del 90%\nde sus trabajadores pertenecen a comunidades cercanas a las plantas.<\/p>\n\n\n\n<p>El Intendente Fern\u00e1ndez indic\u00f3, \u201cNuestro objetivo es\ndiversificar la matriz productiva de nuestra regi\u00f3n de manera sustentable,\nseguiremos trabajando firmemente en fortalecer y apoyar las industrias que\ngeneren un aporte a Magallanes, cuidando el medio ambiente y generando empleo\nregional\u201d.<\/p>\n\n\n\n<p>Por su parte Easton se\u00f1al\u00f3, \u201cQuiero desatacar este proyecto,\nque no solamente inyecta una cantidad importante de recursos a la econom\u00eda\nlocal y genera nuevos empleos, sino que tambi\u00e9n se destaca por apuntar hacia la\nb\u00fasqueda de la sustentabilidad de los recursos regionales, por ser un ejemplo\nclaro de econom\u00eda circular y que contribuye al desaf\u00edo de utilizar los recursos\nde manera eficiente para generar nuevos productos de alto valor. El a\u00f1o 2019,\nse cosecharon m\u00e1s de 110 mil toneladas de salm\u00f3n, de las cuales 39 mil fueron\ndesaprovechadas en Magallanes al ser trasladadas a otros territorios para su\nreproceso. Circular Protein ha visualizado esta oportunidad y esperamos que el\ndesarrollo de su proyecto traiga importantes beneficios a la regi\u00f3n\u201d.<\/p>\n\n\n\n<p>\u201cSeremos un aporte para la regi\u00f3n de Magallanes,\ntrabajando en conjunto con las autoridades y la comunidad para garantizar el\ncuidado del medioambiente y el consumo responsable. Queremos promover la\ninnovaci\u00f3n en asociaci\u00f3n con las universidades locales y fomentar la inclusi\u00f3n.\nPara la compa\u00f1\u00eda, es clave garantizar la sostenibilidad econ\u00f3mica, social y\nmedioambiental en todas sus operaciones. Todos los procesos de la cadena\nproductiva se realizar\u00e1n con los m\u00e1s altos est\u00e1ndares de calidad, velando por\nel uso responsable de los recursos naturales y protegiendo el entorno local\u201d\nse\u00f1al\u00f3 Andr\u00e9s Fosk. <\/p>\n","protected":false},"excerpt":{"rendered":"<p>Se trata de dos plantas de proceso, cuya inversi\u00f3n bordea los 30 millones de d\u00f3lares y que requerir\u00e1 m\u00e1s de 200 trabajadores en su fase de construcci\u00f3n y funcionamiento. La&#8230; <a class=\"read-more\" href=\"https:\/\/www.radiopresidenteibanez.cl\/web\/intendente-y-seremi-de-economia-se-reunen-con-empresa-que-invertira-30-millones-de-dolares-en-la-region-de-magallanes\/\">Leer m\u00e1s<\/a><\/p>\n","protected":false},"author":2,"featured_media":5743,"comment_status":"closed","ping_status":"closed","sticky":false,"template":"","format":"standard","meta":{"footnotes":""},"categories":[1],"tags":[],"class_list":["post-13689","post","type-post","status-publish","format-standard","has-post-thumbnail","hentry","category-cronica"],"_links":{"self":[{"href":"https:\/\/www.radiopresidenteibanez.cl\/web\/wp-json\/wp\/v2\/posts\/13689","targetHints":{"allow":["GET"]}}],"collection":[{"href":"https:\/\/www.radiopresidenteibanez.cl\/web\/wp-json\/wp\/v2\/posts"}],"about":[{"href":"https:\/\/www.radiopresidenteibanez.cl\/web\/wp-json\/wp\/v2\/types\/post"}],"author":[{"embeddable":true,"href":"https:\/\/www.radiopresidenteibanez.cl\/web\/wp-json\/wp\/v2\/users\/2"}],"replies":[{"embeddable":true,"href":"https:\/\/www.radiopresidenteibanez.cl\/web\/wp-json\/wp\/v2\/comments?post=13689"}],"version-history":[{"count":0,"href":"https:\/\/www.radiopresidenteibanez.cl\/web\/wp-json\/wp\/v2\/posts\/13689\/revisions"}],"wp:featuredmedia":[{"embeddable":true,"href":"https:\/\/www.radiopresidenteibanez.cl\/web\/wp-json\/wp\/v2\/media\/5743"}],"wp:attachment":[{"href":"https:\/\/www.radiopresidenteibanez.cl\/web\/wp-json\/wp\/v2\/media?parent=13689"}],"wp:term":[{"taxonomy":"category","embeddable":true,"href":"https:\/\/www.radiopresidenteibanez.cl\/web\/wp-json\/wp\/v2\/categories?post=13689"},{"taxonomy":"post_tag","embeddable":true,"href":"https:\/\/www.radiopresidenteibanez.cl\/web\/wp-json\/wp\/v2\/tags?post=13689"}],"curies":[{"name":"wp","href":"https:\/\/api.w.org\/{rel}","templated":true}]}}