{"id":13685,"date":"2020-07-28T13:13:18","date_gmt":"2020-07-28T13:13:18","guid":{"rendered":"https:\/\/www.radiopresidenteibanez.cl\/web\/?p=13685"},"modified":"2020-07-28T13:13:22","modified_gmt":"2020-07-28T13:13:22","slug":"encuesta-sobre-eventual-retorno-a-la-normalidad-un-73-de-los-encuestados-tiene-miedo-de-volver-a-salir-al-levantarse-las-cuarentenas","status":"publish","type":"post","link":"https:\/\/www.radiopresidenteibanez.cl\/web\/encuesta-sobre-eventual-retorno-a-la-normalidad-un-73-de-los-encuestados-tiene-miedo-de-volver-a-salir-al-levantarse-las-cuarentenas\/","title":{"rendered":"ENCUESTA SOBRE EVENTUAL RETORNO A LA NORMALIDAD: UN 73% DE LOS ENCUESTADOS TIENE MIEDO DE VOLVER A SALIR AL LEVANTARSE LAS CUARENTENAS"},"content":{"rendered":"\n<p><strong>La Asociaci\u00f3n Chilena de Municipalidades (AChM), junto a la Escuela de Gobierno Local<\/strong>&nbsp;desarrollaron la consulta ciudadana denominada \u201cMedidas y apreciaci\u00f3n sobre un eventual retorno a la normalidad\u201d. El objetivo es conocer el grado de apreciaci\u00f3n de las medidas de confinamiento y el modo de movilizaci\u00f3n frente a un eventual retorno al trabajo presencial.<\/p>\n\n\n\n<p>A ra\u00edz de la disminuci\u00f3n de los contagios por coronavirus y los casos activos, el gobierno anunci\u00f3 el denominado plan \u201cPaso a Paso\u201d que busca retomar de manera gradual las actividades del pa\u00eds, acorde a la situaci\u00f3n sanitaria de cada comuna o regi\u00f3n.<\/p>\n\n\n\n<p>El presidente de la AChM, Fernando Paredes destac\u00f3 que: \u201cActualmente existen 77 comunas en nuestro pa\u00eds en situaci\u00f3n de cuarentena, que a partir de este martes, 9 de ellas entrar\u00e1n en transici\u00f3n, lo que, en alguna medida empieza a cumplir el plan \u201cpaso a paso\u201d que ha&nbsp; implementado la autoridad de sanitaria\u201d.<\/p>\n\n\n\n<p>Asi mismo el tambi\u00e9n jefe comunal de Natales, agreg\u00f3 que: \u201cFinalmente el \u00e9xito del plan \u201cpaso a paso\u201d, no s\u00f3lo depende de la autoridad sanitaria, sino que tambi\u00e9n, es la responsabilidad de cada uno de los ciudadanos, estar disponibles para volver a la normalidad, en una situaci\u00f3n que claramente est\u00e1 afectando del punto de vista sanitario a todo el pa\u00eds\u201d.<\/p>\n\n\n\n<p>Del total de las personas encuestadas, el estudio revela que un 73% de los consultados tiene temor de volver a salir cuando se levanten las medidas de confinamiento. Un 90% considera que no se debiese volver a clases presenciales durante este a\u00f1o, mientras que un 72% de los encuestados no volver\u00eda tranquilo al trabajo si sus hijos retoman las clases en los establecimientos.<\/p>\n\n\n\n<p>Un 76% de los consultados cree que el uso de mascarilla y distanciamiento f\u00edsico debieran convertirse en h\u00e1bitos, mientras que un 89% considera que es \u00fatil conocer la vulnerabilidad de los trabajadores de las empresas frente un posible contagio por la vuelta al trabajo.<\/p>\n\n\n\n<p>Si bien la disminuci\u00f3n de los \u00edndices de contagios respaldan la decisi\u00f3n del gobierno de volver a retomar cierta normalidad en algunas comunas, se hace patente la necesidad de que los distintos sectores de la sociedad tomen las medidas necesarias de protecci\u00f3n para que no volvamos a escenarios cr\u00edticos como los que est\u00e1bamos hace unos meses atr\u00e1s.<\/p>\n\n\n\n<p>Por su parte, la Asociaci\u00f3n Chilena de Municipalidades (AChM) ya tom\u00f3 cartas en el asunto respecto a la vuelta al trabajo presencial. La Escuela de Gobierno Local junto a MapsTeam elaboraron un Mapa de Residencia de los Trabajadores de la instituci\u00f3n junto con un \u00cdndice de Vulnerabilidad de Contagio. Con estas herramientas, la asociaci\u00f3n podr\u00e1 implementar un plan de retorno laboral presencial de manera segura y permanente en el tiempo, poniendo especial \u00e9nfasis en la seguridad de los trabajadores y los m\u00e9todos de movilizaci\u00f3n que utilizan para acudir al lugar de trabajo.<\/p>\n","protected":false},"excerpt":{"rendered":"<p>La Asociaci\u00f3n Chilena de Municipalidades (AChM), junto a la Escuela de Gobierno Local&nbsp;desarrollaron la consulta ciudadana denominada \u201cMedidas y apreciaci\u00f3n sobre un eventual retorno a la normalidad\u201d. El objetivo es&#8230; <a class=\"read-more\" href=\"https:\/\/www.radiopresidenteibanez.cl\/web\/encuesta-sobre-eventual-retorno-a-la-normalidad-un-73-de-los-encuestados-tiene-miedo-de-volver-a-salir-al-levantarse-las-cuarentenas\/\">Leer m\u00e1s<\/a><\/p>\n","protected":false},"author":2,"featured_media":13686,"comment_status":"closed","ping_status":"closed","sticky":false,"template":"","format":"standard","meta":{"footnotes":""},"categories":[1],"tags":[],"class_list":["post-13685","post","type-post","status-publish","format-standard","has-post-thumbnail","hentry","category-cronica"],"_links":{"self":[{"href":"https:\/\/www.radiopresidenteibanez.cl\/web\/wp-json\/wp\/v2\/posts\/13685","targetHints":{"allow":["GET"]}}],"collection":[{"href":"https:\/\/www.radiopresidenteibanez.cl\/web\/wp-json\/wp\/v2\/posts"}],"about":[{"href":"https:\/\/www.radiopresidenteibanez.cl\/web\/wp-json\/wp\/v2\/types\/post"}],"author":[{"embeddable":true,"href":"https:\/\/www.radiopresidenteibanez.cl\/web\/wp-json\/wp\/v2\/users\/2"}],"replies":[{"embeddable":true,"href":"https:\/\/www.radiopresidenteibanez.cl\/web\/wp-json\/wp\/v2\/comments?post=13685"}],"version-history":[{"count":0,"href":"https:\/\/www.radiopresidenteibanez.cl\/web\/wp-json\/wp\/v2\/posts\/13685\/revisions"}],"wp:featuredmedia":[{"embeddable":true,"href":"https:\/\/www.radiopresidenteibanez.cl\/web\/wp-json\/wp\/v2\/media\/13686"}],"wp:attachment":[{"href":"https:\/\/www.radiopresidenteibanez.cl\/web\/wp-json\/wp\/v2\/media?parent=13685"}],"wp:term":[{"taxonomy":"category","embeddable":true,"href":"https:\/\/www.radiopresidenteibanez.cl\/web\/wp-json\/wp\/v2\/categories?post=13685"},{"taxonomy":"post_tag","embeddable":true,"href":"https:\/\/www.radiopresidenteibanez.cl\/web\/wp-json\/wp\/v2\/tags?post=13685"}],"curies":[{"name":"wp","href":"https:\/\/api.w.org\/{rel}","templated":true}]}}