{"id":1368,"date":"2019-02-13T01:21:19","date_gmt":"2019-02-13T01:21:19","guid":{"rendered":"http:\/\/www.radiopresidenteibanez.cl\/web\/?p=1368"},"modified":"2019-02-13T01:21:37","modified_gmt":"2019-02-13T01:21:37","slug":"nicolas-cogler-deja-el-cargo-de-gobernador-provincial-de-magallanes-puesto-que-ahora-asumira-homero-villegas","status":"publish","type":"post","link":"https:\/\/www.radiopresidenteibanez.cl\/web\/nicolas-cogler-deja-el-cargo-de-gobernador-provincial-de-magallanes-puesto-que-ahora-asumira-homero-villegas\/","title":{"rendered":"NICOL\u00c1S COGLER DEJA EL CARGO DE GOBERNADOR PROVINCIAL DE MAGALLANES, PUESTO QUE AHORA ASUMIR\u00c1 HOMERO VILLEGAS"},"content":{"rendered":"\n<p>Desde el d\u00eda que fue nombrado como Gobernador de Magallanes, Nicol\u00e1s Cogler, sum\u00f3 variadas criticas tanto de la actual oposici\u00f3n como del mismo oficialismo, durante la jornada de este martes, mientras daban a conocer la salida de la Intendenta, tambi\u00e9n se conoc\u00eda que la autoridad provincial hab\u00eda presentado su renuncia al cargo.<\/p>\n\n\n\n<p>Ante esta situaci\u00f3n, Homero\nVillegas tomar\u00e1 el cargo de Gobernador Provincial de Magallanes, siendo uno de\nlos nombres que no hab\u00edan \u201csonado\u201d, ya que en su momento se habl\u00f3 de Ericka Far\u00edas\nque tambi\u00e9n se manifest\u00f3 que pod\u00eda ser Intendenta, Jennifer Rojas actual\nCoordinadora Regional de Seguridad P\u00fablica, y Segundo \u00c1lvarez, Secretario General\nde la Cormupa.<\/p>\n","protected":false},"excerpt":{"rendered":"<p>Desde el d\u00eda que fue nombrado como Gobernador de Magallanes, Nicol\u00e1s Cogler, sum\u00f3 variadas criticas tanto de la actual oposici\u00f3n como del mismo oficialismo, durante la jornada de este martes,&#8230; <a class=\"read-more\" href=\"https:\/\/www.radiopresidenteibanez.cl\/web\/nicolas-cogler-deja-el-cargo-de-gobernador-provincial-de-magallanes-puesto-que-ahora-asumira-homero-villegas\/\">Leer m\u00e1s<\/a><\/p>\n","protected":false},"author":2,"featured_media":1369,"comment_status":"closed","ping_status":"closed","sticky":false,"template":"","format":"standard","meta":{"footnotes":""},"categories":[1,5],"tags":[],"class_list":["post-1368","post","type-post","status-publish","format-standard","has-post-thumbnail","hentry","category-cronica","category-politica"],"_links":{"self":[{"href":"https:\/\/www.radiopresidenteibanez.cl\/web\/wp-json\/wp\/v2\/posts\/1368","targetHints":{"allow":["GET"]}}],"collection":[{"href":"https:\/\/www.radiopresidenteibanez.cl\/web\/wp-json\/wp\/v2\/posts"}],"about":[{"href":"https:\/\/www.radiopresidenteibanez.cl\/web\/wp-json\/wp\/v2\/types\/post"}],"author":[{"embeddable":true,"href":"https:\/\/www.radiopresidenteibanez.cl\/web\/wp-json\/wp\/v2\/users\/2"}],"replies":[{"embeddable":true,"href":"https:\/\/www.radiopresidenteibanez.cl\/web\/wp-json\/wp\/v2\/comments?post=1368"}],"version-history":[{"count":0,"href":"https:\/\/www.radiopresidenteibanez.cl\/web\/wp-json\/wp\/v2\/posts\/1368\/revisions"}],"wp:featuredmedia":[{"embeddable":true,"href":"https:\/\/www.radiopresidenteibanez.cl\/web\/wp-json\/wp\/v2\/media\/1369"}],"wp:attachment":[{"href":"https:\/\/www.radiopresidenteibanez.cl\/web\/wp-json\/wp\/v2\/media?parent=1368"}],"wp:term":[{"taxonomy":"category","embeddable":true,"href":"https:\/\/www.radiopresidenteibanez.cl\/web\/wp-json\/wp\/v2\/categories?post=1368"},{"taxonomy":"post_tag","embeddable":true,"href":"https:\/\/www.radiopresidenteibanez.cl\/web\/wp-json\/wp\/v2\/tags?post=1368"}],"curies":[{"name":"wp","href":"https:\/\/api.w.org\/{rel}","templated":true}]}}