{"id":13675,"date":"2020-07-27T18:41:25","date_gmt":"2020-07-27T18:41:25","guid":{"rendered":"https:\/\/www.radiopresidenteibanez.cl\/web\/?p=13675"},"modified":"2020-07-27T18:41:29","modified_gmt":"2020-07-27T18:41:29","slug":"pdi-punta-arenas-detuvo-a-un-sujeto-que-intentaba-cruzar-una-barrera-sanitaria-ocultando-droga-en-un-peluche","status":"publish","type":"post","link":"https:\/\/www.radiopresidenteibanez.cl\/web\/pdi-punta-arenas-detuvo-a-un-sujeto-que-intentaba-cruzar-una-barrera-sanitaria-ocultando-droga-en-un-peluche\/","title":{"rendered":"PDI PUNTA ARENAS DETUVO A UN SUJETO QUE INTENTABA CRUZAR UNA BARRERA SANITARIA OCULTANDO DROGA EN UN PELUCHE"},"content":{"rendered":"\n<p>La ma\u00f1ana de este lunes, detectives de la Brigada Antinarc\u00f3ticos y Contra el Crimen Organizado (Brianco) Punta Arenas, mientras realizaban controles antidrogas en el terminal Tres Puentes &#8211; en donde existe una barrera sanitaria-, detectaron a un sujeto que llevaba droga e intentaba trasladarse v\u00eda mar\u00edtima a la comuna de Porvenir. <\/p>\n\n\n\n<p>El comisario Patricio Flores, jefe de la Brianco Punta Arenas, explic\u00f3 que los detectives detectaron que emanaba un fuerte olor a cannabis sativa desde las pertenencias de un sujeto y que al realizar el control respectivo hallaron 93 gramos de clorhidrato de coca\u00edna y 815,8 gramos de cannabis sativa tipo prensada. El oficial detall\u00f3, que la particularidad del ocultamiento de la cannabis sativa, es que ven\u00eda al interior de un oso de peluche.<\/p>\n\n\n\n<p>Gracias a este procedimiento efectuado por la PDI, fueron sacadas de circulaci\u00f3n cerca de 1.200 dosis de cannabis sativa, avaluadas en el comercio il\u00edcito de la regi\u00f3n en $12.000.000, adem\u00e1s de 200 dosis de clorhidrato de coca\u00edna, valoradas en $2.000.000.<\/p>\n\n\n\n<p>\u201cNuevamente damos un golpe certero al narcotr\u00e1fico, a la delincuencia organizada, que en este caso puntual corresponde a un transportista de droga\u201d, resalt\u00f3 el jefe de la Brianco Punta Arenas. <\/p>\n\n\n\n<p>El ciudadano extranjero de 32 a\u00f1os fue detenido por el delito de tr\u00e1fico il\u00edcito de drogas y los antecedentes fueron puestos a disposici\u00f3n del Ministerio P\u00fablico, quien estableci\u00f3 que pase a control de detenci\u00f3n durante este lunes.<\/p>\n","protected":false},"excerpt":{"rendered":"<p>La ma\u00f1ana de este lunes, detectives de la Brigada Antinarc\u00f3ticos y Contra el Crimen Organizado (Brianco) Punta Arenas, mientras realizaban controles antidrogas en el terminal Tres Puentes &#8211; en donde&#8230; <a class=\"read-more\" href=\"https:\/\/www.radiopresidenteibanez.cl\/web\/pdi-punta-arenas-detuvo-a-un-sujeto-que-intentaba-cruzar-una-barrera-sanitaria-ocultando-droga-en-un-peluche\/\">Leer m\u00e1s<\/a><\/p>\n","protected":false},"author":2,"featured_media":13676,"comment_status":"closed","ping_status":"closed","sticky":false,"template":"","format":"standard","meta":{"footnotes":""},"categories":[6],"tags":[],"class_list":["post-13675","post","type-post","status-publish","format-standard","has-post-thumbnail","hentry","category-policial"],"_links":{"self":[{"href":"https:\/\/www.radiopresidenteibanez.cl\/web\/wp-json\/wp\/v2\/posts\/13675","targetHints":{"allow":["GET"]}}],"collection":[{"href":"https:\/\/www.radiopresidenteibanez.cl\/web\/wp-json\/wp\/v2\/posts"}],"about":[{"href":"https:\/\/www.radiopresidenteibanez.cl\/web\/wp-json\/wp\/v2\/types\/post"}],"author":[{"embeddable":true,"href":"https:\/\/www.radiopresidenteibanez.cl\/web\/wp-json\/wp\/v2\/users\/2"}],"replies":[{"embeddable":true,"href":"https:\/\/www.radiopresidenteibanez.cl\/web\/wp-json\/wp\/v2\/comments?post=13675"}],"version-history":[{"count":0,"href":"https:\/\/www.radiopresidenteibanez.cl\/web\/wp-json\/wp\/v2\/posts\/13675\/revisions"}],"wp:featuredmedia":[{"embeddable":true,"href":"https:\/\/www.radiopresidenteibanez.cl\/web\/wp-json\/wp\/v2\/media\/13676"}],"wp:attachment":[{"href":"https:\/\/www.radiopresidenteibanez.cl\/web\/wp-json\/wp\/v2\/media?parent=13675"}],"wp:term":[{"taxonomy":"category","embeddable":true,"href":"https:\/\/www.radiopresidenteibanez.cl\/web\/wp-json\/wp\/v2\/categories?post=13675"},{"taxonomy":"post_tag","embeddable":true,"href":"https:\/\/www.radiopresidenteibanez.cl\/web\/wp-json\/wp\/v2\/tags?post=13675"}],"curies":[{"name":"wp","href":"https:\/\/api.w.org\/{rel}","templated":true}]}}