{"id":13655,"date":"2020-07-27T12:36:09","date_gmt":"2020-07-27T12:36:09","guid":{"rendered":"https:\/\/www.radiopresidenteibanez.cl\/web\/?p=13655"},"modified":"2020-07-27T12:36:39","modified_gmt":"2020-07-27T12:36:39","slug":"esta-semana-continua-vacunacion-escolar-en-establecimientos-de-punta-arenas","status":"publish","type":"post","link":"https:\/\/www.radiopresidenteibanez.cl\/web\/esta-semana-continua-vacunacion-escolar-en-establecimientos-de-punta-arenas\/","title":{"rendered":"ESTA SEMANA CONTIN\u00daA VACUNACI\u00d3N ESCOLAR EN ESTABLECIMIENTOS DE PUNTA ARENAS"},"content":{"rendered":"\n<p>En\nel marco de la Vacunaci\u00f3n Escolar, este lunes 27 de julio comenzar\u00e1 la\nvacunaci\u00f3n de ni\u00f1os y ni\u00f1as de nuevos establecimientos educacionales, a cargo\nde los Centros de Salud Familiar (CESFAM) Dr. Thomas Fenton y Dr. Juan\nDamianovic, quienes han informado previamente los d\u00edas y horas en que se\ndesarrollar\u00e1 este proceso, seg\u00fan establecimientos educacionales designados. Los\nCESFAM que iniciaron la semana pasada la Vacunaci\u00f3n Escolar, y que ten\u00edan\ncontemplado seguir esta semana, contin\u00faan de acuerdo a su calendario\nestablecido.<\/p>\n\n\n\n<p>La\nEncargada Regional del Programa Nacional de Inmunizaciones (PNI) de la SEREMI\nde Salud, Janet Vrsalovic, explic\u00f3 que \u201ctal como se hab\u00eda informado, modificamos\nla estrategia de vacunaci\u00f3n y se realiza en un establecimiento educacional\ncercano a cada Centro de Salud, adonde los ni\u00f1os y ni\u00f1as son citados en un d\u00eda\ny hora espec\u00edfico para recibir la vacuna\ncorrespondiente, seg\u00fan curso\u201d. Se trata de un trabajo coordinado entre la\nSEREMI, Servicio de Salud Magallanes y Atenci\u00f3n Primaria de Salud. <\/p>\n\n\n\n<p>Agreg\u00f3\nque en estos recintos se han adoptado las medidas preventivas para el\ncoronavirus, adem\u00e1s de contar con resguardo de las Fuerzas Armadas. Se invita a\nlos padres y apoderados a acudir con las medidas de protecci\u00f3n\ncorrespondientes, como son el uso de mascarilla, ya sea comercial o artesanal, los ni\u00f1os deben ser\nacompa\u00f1ados por un solo adulto, adem\u00e1s de mantener el distanciamiento social respectivo.\nEs recomendable que asistan con ropa abrigada pero c\u00f3moda, y polera manga corta\npara facilitar el proceso de vacunaci\u00f3n. <\/p>\n\n\n\n<p>La\nCampa\u00f1a Escolar contempla la vacunaci\u00f3n de ni\u00f1os y ni\u00f1as de primero b\u00e1sico con la\nvacuna dTpa, que protege contra la Difteria, T\u00e9tanos, Tos Convulsiva, y la\nvacuna Tres V\u00edrica, que es contra el Sarampi\u00f3n, Rubeola y Paperas. Para los\nmenores de cuarto b\u00e1sico se administra la vacuna contra el Virus del Papiloma\nHumano (VPH), que contempla una segunda dosis que ser\u00e1 administrada a los ni\u00f1os\ny ni\u00f1as de quinto a\u00f1o b\u00e1sico. En tanto, para octavo b\u00e1sico corresponde la\nvacuna dTpa, que es una dosis de refuerzo, necesaria para generar inmunidad y\nprotecci\u00f3n prolongada en estos menores.<\/p>\n\n\n\n<p>Los\nni\u00f1os o ni\u00f1as de quinto b\u00e1sico que no recibieron su primera dosis de VPH en\ncuarto a\u00f1o, pueden concurrir sin problemas a vacunarse. Las familias que\ncuenten con m\u00e1s de un hijo en los cursos beneficiados con la vacunaci\u00f3n\nescolar, pueden asistir en una \u00fanica oportunidad con todos ellos al mismo\ntiempo, para evitar m\u00faltiples viajes. A nivel regional se espera vacunar\naproximadamente a 8.000 alumnos, y en Punta Arenas se deber\u00e1 cubrir\naproximadamente un universo de 5.600 alumnos.<\/p>\n\n\n\n<p><strong>Calendario 27 al 31 de\njulio de 2020<\/strong><\/p>\n\n\n\n<p><strong>Vacunaci\u00f3n en Liceo Juan\nBautista Contardi (sede Manantiales N\u00b01027), a cargo de CESFAM Dr. Thomas\nFenton, a ni\u00f1os y ni\u00f1as de los siguientes establecimientos educacionales:<\/strong><\/p>\n\n\n\n<figure class=\"wp-block-table\"><table class=\"\"><tbody><tr><td><\/td><td>\n  <strong>Lunes\n  27<\/strong>\n  <\/td><td>\n  <strong>Martes\n  28<\/strong>\n  <\/td><td>\n  <strong>Mi\u00e9rcoles\n  29<\/strong>\n  <\/td><\/tr><tr><td>\n  <strong>Horario<\/strong>\n  <\/td><td>\n  <strong>Liceo Contardi<\/strong>\n  <\/td><td>\n  <strong>Colegio Punta Arenas<\/strong>\n  <\/td><td>\n  <strong>Colegio Punta Arenas<\/strong>\n  <\/td><td>\n  <strong>Escuela Croacia<\/strong>\n  <\/td><td>\n  <strong>Escuela Villa Las Nieves<\/strong>\n  <\/td><td>\n  <strong>Escuela Villa Las Nieves<\/strong>\n  <\/td><td>\n  <strong>Sagrada Familia<\/strong>\n  <\/td><td>\n  <strong>Colegio Adventista<\/strong>\n  <\/td><\/tr><tr><td>\n  10.00- 10.30\n  <\/td><td>\n  4\u00b0 B\u00e1sico \u201cA\u201d\n  <\/td><td>\n  &#8211; . &#8211;\n  <\/td><td>\n  5\u00ba&nbsp; b\u00e1sico\n  <\/td><td>\n  &#8211; . &#8211;\n  <\/td><td>\n  &#8211; . &#8211;\n  <\/td><td>\n  4\u00ba b\u00e1sico \u201cA\u201d\n  <\/td><td>\n  &#8211; . &#8211;\n  <\/td><td>\n  &#8211; . &#8211;\n  <\/td><\/tr><tr><td>\n  10.30- 11.00\n  <\/td><td>\n  4\u00ba B\u00e1sico \u201cB\u201d\n  <\/td><td>\n  &#8211; . &#8211;\n  <\/td><td>\n  8 \u00ba b\u00e1sico\n  <\/td><td>\n  &#8211; . &#8211;\n  <\/td><td>\n  &#8211; . &#8211;\n  <\/td><td>\n  4\u00ba b\u00e1sico \u201cB\u201d\n  <\/td><td>\n  &#8211; . &#8211;\n  <\/td><td>\n  &#8211; . &#8211;\n  <\/td><\/tr><tr><td>\n  11.00-11.30\n  <\/td><td>\n  5\u00ba B\u00e1sico \u201cA\u201d\n  <\/td><td>\n  &#8211; . &#8211;\n  <\/td><td>\n  &#8211; . &#8211;\n  <\/td><td>\n  4\u00ba b\u00e1sico \u201cA\u201d\n  <\/td><td>\n  &#8211; . &#8211;\n  <\/td><td>\n  5\u00ba B\u00e1sico \u201cA\u201d\n  <\/td><td>\n  &#8211; . &#8211;\n  <\/td><td>\n  &#8211; . &#8211;\n  <\/td><\/tr><tr><td>\n  11.30 -12.00\n  <\/td><td>\n  5\u00ba B\u00e1sico \u201cB\u201d\n  <\/td><td>\n  &#8211; . &#8211;\n  <\/td><td>\n  &#8211; . &#8211;\n  <\/td><td>\n  4\u00ba b\u00e1sico \u201cB\u201d\n  <\/td><td>\n  &#8211; . &#8211;\n  <\/td><td>\n  5\u00ba B\u00e1sico \u201cB\u201d\n  <\/td><td>\n  &#8211; . &#8211;\n  <\/td><td>\n  &#8211; . &#8211;\n  <\/td><\/tr><tr><td>\n  12.00 \u2013 12.30\n  <\/td><td>\n  5\u00b0 B\u00e1sico \u201cC\u201d\n  <\/td><td>\n  &#8211; . &#8211;\n  <\/td><td>\n  &#8211; . &#8211;\n  <\/td><td>\n  5\u00ba B\u00e1sico \u201cA\u201d\n  <\/td><td>\n  &#8211; . &#8211;\n  <\/td><td>\n  8\u00b0 B\u00e1sico \u201cA\u201d\n  <\/td><td>\n  &#8211; . &#8211;\n  <\/td><td>\n  &#8211; . &#8211;\n  <\/td><\/tr><tr><td>\n  12.30 \u2013 13.00\n  <\/td><td>\n  8\u00b0 B\u00e1sico \u201cA\u201d\n  <\/td><td>\n  &#8211; . &#8211;\n  <\/td><td>\n  &#8211; . &#8211;\n  <\/td><td>\n  5\u00ba B\u00e1sico \u201cB\u201d\n  <\/td><td>\n  &#8211; . &#8211;\n  <\/td><td>\n  8\u00b0 B\u00e1sico \u201cB\u201d\n  <\/td><td>\n  &#8211; . &#8211;\n  <\/td><td>\n  &#8211; . &#8211;\n  <\/td><\/tr><tr><td>\n  &nbsp;\n  <\/td><td>\n  &nbsp;\n  <\/td><td>\n  &nbsp;\n  <\/td><td>\n  &nbsp;\n  <\/td><td>\n  &nbsp;\n  <\/td><td>\n  &nbsp;\n  <\/td><td>\n  &nbsp;\n  <\/td><td>\n  &nbsp;\n  <\/td><td>\n  &nbsp;\n  <\/td><\/tr><tr><td>\n  14.00-14.30\n  <\/td><td>\n  8\u00b0 B\u00e1sico \u201cB\u201d\n  <\/td><td>\n  &#8211; . &#8211;\n  <\/td><td>\n  &#8211; . &#8211;\n  <\/td><td>\n  8\u00b0 B\u00e1sico \u201cA\u201d\n  <\/td><td>\n  &#8211; . &#8211;\n  <\/td><td>\n  &#8211; . &#8211;\n  <\/td><td>\n  4\u00b0 B\u00e1sico \n  <\/td><td>\n  &#8211; . &#8211;\n  <\/td><\/tr><tr><td>\n  14.30-15.00\n  <\/td><td>\n  8\u00b0 B\u00e1sico \u201cC\u201d\n  <\/td><td>\n  &#8211; . &#8211;\n  <\/td><td>\n  &#8211; . &#8211;\n  <\/td><td>\n  8\u00b0 B\u00e1sico \u201cB\u201d\n  <\/td><td>\n  &#8211; . &#8211;\n  <\/td><td>\n  &#8211; . &#8211;\n  <\/td><td>\n  5\u00b0 B\u00e1sico\n  <\/td><td>\n  &#8211; . &#8211;\n  <\/td><\/tr><tr><td>\n  15.00-15.30\n  <\/td><td>\n  1\u00b0 B\u00e1sico \u201cA\u201d\n  <\/td><td>\n  &#8211; . &#8211;\n  <\/td><td>\n  &#8211; . &#8211;\n  <\/td><td>\n  1\u00b0 B\u00e1sico \u201cA\u201d\n  <\/td><td>\n  &#8211; . &#8211;\n  <\/td><td>\n  &#8211; . &#8211;\n  <\/td><td>\n  8\u00b0 B\u00e1sico \u201cA\u201d\n  <\/td><td>\n  &#8211; . &#8211;\n  <\/td><\/tr><tr><td>\n  15.30-16.00\n  <\/td><td>\n  1\u00b0 B\u00e1sico \u201cB\u201d\n  <\/td><td>\n  &#8211; . &#8211;\n  <\/td><td>\n  &#8211; . &#8211;\n  <\/td><td>\n  1\u00b0 B\u00e1sico \u201cB\u201d\n  <\/td><td>\n  &#8211; . &#8211;\n  <\/td><td>\n  &#8211; . &#8211;\n  <\/td><td>\n  8\u00b0 B\u00e1sico \u201cB\u201d\n  <\/td><td>\n  &#8211; . &#8211;\n  <\/td><\/tr><tr><td>\n  16.00-16.30\n  <\/td><td>\n  &#8211; . &#8211;\n  <\/td><td>\n  1\u00b0 B\u00e1sico\n  <\/td><td>\n  &#8211; . &#8211;\n  <\/td><td>\n  &#8211; . &#8211;\n  <\/td><td>\n  1\u00b0 B\u00e1sico \u201cA\u201d\n  <\/td><td>\n  &#8211; . &#8211;\n  <\/td><td>\n  1\u00b0 B\u00e1sico \n  <\/td><td>\n  &#8211; . &#8211;\n  <\/td><\/tr><tr><td>\n  16.30-17.00\n  <\/td><td>\n  &#8211; . &#8211;\n  <\/td><td>\n  4\u00b0 B\u00e1sico\n  <\/td><td>\n  &#8211; . &#8211;\n  <\/td><td>\n  &#8211; . &#8211;\n  <\/td><td>\n  1\u00b0 B\u00e1sico \u201cB\u201d\n  <\/td><td>\n  &#8211; . &#8211;\n  <\/td><td>\n  &#8211; . &#8211;\n  <\/td><td>\n  1\u00b0 B\u00e1sico\n  <\/td><\/tr><\/tbody><\/table><\/figure>\n\n\n\n<figure class=\"wp-block-table\"><table class=\"\"><tbody><tr><td><\/td><td>\n  <strong>Jueves\n  30<\/strong>\n  <\/td><td>\n  <strong>Viernes\n  31<\/strong>\n  <\/td><\/tr><tr><td>\n  <strong>Horario<\/strong>\n  <\/td><td>\n  <strong>Colegio Adventista<\/strong>\n  <\/td><td>\n  <strong>Colegio Alem\u00e1n<\/strong>\n  <\/td><td>\n  <strong>Liceo Nobelius<\/strong>\n  <\/td><td>\n  <strong>Liceo Nobelius<\/strong>\n  <\/td><td>\n  <strong>Rezagados<\/strong>\n  <\/td><\/tr><tr><td>\n  10.00- 10.30\n  <\/td><td>\n  4\u00b0 B\u00e1sico\n  <\/td><td>\n  &#8211; . &#8211;\n  <\/td><td>\n  &#8211; . &#8211;\n  <\/td><td>\n  4\u00b0 B\u00e1sico \u201cA\u201d\n  <\/td><td>\n  &#8211; . &#8211;\n  <\/td><\/tr><tr><td>\n  10.30- 11.00\n  <\/td><td>\n  5\u00ba B\u00e1sico\n  <\/td><td>\n  &#8211; . &#8211;\n  <\/td><td>\n  &#8211; . &#8211;\n  <\/td><td>\n  4\u00b0 B\u00e1sico \u201cB\u201d\n  <\/td><td>\n  &#8211; . &#8211;\n  <\/td><\/tr><tr><td>\n  11.00-11.30\n  <\/td><td>\n  8\u00ba B\u00e1sico\n  <\/td><td>\n  &#8211; . &#8211;\n  <\/td><td>\n  &#8211; . &#8211;\n  <\/td><td>\n  5\u00b0 B\u00e1sico\n  <\/td><td>\n  &#8211; . &#8211;\n  <\/td><\/tr><tr><td>\n  11.30 -12.00\n  <\/td><td>\n  &#8211; . &#8211;\n  <\/td><td>\n  4\u00b0 B\u00e1sico \u201cA\u201d\n  <\/td><td>\n  &#8211; . &#8211;\n  <\/td><td>\n  8\u00b0 B\u00e1sico\n  <\/td><td>\n  &#8211; . &#8211;\n  <\/td><\/tr><tr><td>\n  12.00 \u2013 12.30\n  <\/td><td>\n  &#8211; . &#8211;\n  <\/td><td>\n  4\u00b0 B\u00e1sico \u201cB\u201d\n  <\/td><td>\n  &#8211; . &#8211;\n  <\/td><td>\n  &#8211; . &#8211;\n  <\/td><td>\n  Rezagados 1\u00b0 b\u00e1sico (de cualquier E.\n  Educacional) Educacionalstablecimiento)\n  &nbsp;\n  <\/td><\/tr><tr><td>\n  12.30 \u2013 13.00\n  <\/td><td>\n  &#8211; . &#8211;\n  <\/td><td>\n  5\u00b0 B\u00e1sico \u201cA\u201d\n  <\/td><td>\n  &#8211; . &#8211;\n  <\/td><td>\n  &#8211; . &#8211;\n  <\/td><td>\n  Rezagados 4\u00b0 b\u00e1sico (de cualquier E.\n  Educacional)\n  <\/td><\/tr><tr><td>\n  &nbsp;\n  <\/td><td>\n  &nbsp;\n  <\/td><td>\n  &nbsp;\n  <\/td><td>\n  &nbsp;\n  <\/td><td>\n  &nbsp;\n  <\/td><td>\n  &nbsp;\n  <\/td><\/tr><tr><td>\n  14.00-14.30\n  <\/td><td>\n  &#8211; . &#8211;\n  <\/td><td>\n  5\u00b0 B\u00e1sico \u201cB\u201d\n  <\/td><td>\n  &#8211; . &#8211;\n  <\/td><td>\n  &#8211; . &#8211;\n  <\/td><td>\n  Rezagados 5\u00b0 b\u00e1sico (de cualquier E.\n  Educacional)\n  <\/td><\/tr><tr><td>\n  14.30-15.00\n  <\/td><td>\n  &#8211; . &#8211;\n  <\/td><td>\n  8\u00b0 B\u00e1sico \u201cA\u201d\n  <\/td><td>\n  &#8211; . &#8211;\n  <\/td><td>\n  &#8211; . &#8211;\n  <\/td><\/tr><tr><td>\n  15.00-15.30\n  <\/td><td>\n  &#8211; . &#8211;\n  <\/td><td>\n  8\u00b0 B\u00e1sico \u201cB\u201d\n  <\/td><td>\n  &#8211; . &#8211;\n  <\/td><td>\n  &#8211; . &#8211;\n  <\/td><td>\n  Rezagados 8\u00b0 b\u00e1sico (de cualquier E.\n  Educacional) \n  <\/td><\/tr><tr><td>\n  15.30-16.00\n  <\/td><td>\n  &#8211; . &#8211;\n  <\/td><td>\n  1\u00b0 B\u00e1sico \u201cA\u201d\n  <\/td><td>\n  &#8211; . &#8211;\n  <\/td><td>\n  &#8211; . &#8211;\n  <\/td><\/tr><tr><td>\n  16.00-16.30\n  <\/td><td>\n  &#8211; . &#8211;\n  <\/td><td>\n  1\u00b0 B\u00e1sico \u201cB\u201d\n  <\/td><td>\n  &#8211; . &#8211;\n  <\/td><td>\n  &#8211; . &#8211;\n  <\/td><td>\n  &#8211; . &#8211;\n  <\/td><\/tr><tr><td>\n  16.30-17.00\n  <\/td><td>\n  &#8211; . &#8211;\n  <\/td><td>\n  &#8211; . &#8211;\n  <\/td><td>\n  1\u00b0 B\u00e1sico\n  <\/td><td>\n  &#8211; . &#8211;\n  <\/td><td>\n  &#8211; . &#8211;\n  <\/td><\/tr><\/tbody><\/table><\/figure>\n\n\n\n<p><strong>Vacunaci\u00f3n en Escuela Manuel\nBulnes (ubicada en Pedro Aguirre Cerda N\u00b035), a cargo de CESFAM Dr. Juan\nDamianovic, a ni\u00f1os y ni\u00f1as de los siguientes establecimientos educacionales:<\/strong><\/p>\n\n\n\n<figure class=\"wp-block-table\"><table class=\"\"><tbody><tr><td>\n  <strong>&nbsp;<\/strong>\n  <\/td><td>\n  <strong>Lunes 27<\/strong>\n  <\/td><td>\n  <strong>Martes 28<\/strong>\n  <\/td><td>\n  <strong>Mi\u00e9rcoles 29<\/strong>\n  <\/td><td>\n  <strong>Jueves 30<\/strong>\n  <\/td><td>\n  <strong>Viernes 31<\/strong>\n  <\/td><\/tr><tr><td>\n  <strong>Horario<\/strong>\n  <\/td><td>\n  <strong>Escuela Manuel Bulnes<\/strong>\n  <\/td><td>\n  <strong>Escuela Espa\u00f1a<\/strong>\n  <\/td><td>\n  <strong>Colegio Franc\u00e9s<\/strong>\n  <\/td><td>\n  <strong>Colegio Pierre Faure<\/strong>\n  <\/td><td>\n  <strong>Escuela Bernardo O\u2019Higgins<\/strong>\n  <\/td><\/tr><tr><td>\n  08.30- 09.00\n  <\/td><td>\n  &#8211; . &#8211;\n  <\/td><td>\n  8\u00b0 B\u00e1sico\n  <\/td><td>\n  &#8211; . &#8211;\n  <\/td><td>\n  1\u00b0 B\u00e1sico\n  <\/td><td>\n  8\u00b0 B\u00e1sico\n  <\/td><\/tr><tr><td>\n  09.00 &#8211; 09.30\n  <\/td><td>\n  1\u00b0 B\u00e1sico\n  <\/td><td>\n  1\u00b0 B\u00e1sico\n  <\/td><td>\n  1\u00b0 B\u00e1sico\n  <\/td><td>\n  1\u00b0 B\u00e1sico\n  <\/td><\/tr><tr><td>\n  09.30 -10.00\n  <\/td><td>\n  8\u00b0 B\u00e1sico\n  <\/td><td>\n  8\u00b0 B\u00e1sico\n  <\/td><td>\n  8\u00b0 B\u00e1sico (9.30 -10.15)\n  <\/td><\/tr><tr><td>\n  10.00 -10.30\n  <\/td><td>\n  4\u00b0 B\u00e1sico\n  <\/td><td>\n  4\u00b0 B\u00e1sico\n  <\/td><td>\n  4\u00b0 B\u00e1sico\n  <\/td><td>\n  4\u00b0 B\u00e1sico\n  <\/td><\/tr><tr><td>\n  10.30 \u2013 11.00\n  <\/td><td>\n  4\u00b0 B\u00e1sico\n  <\/td><\/tr><tr><td>\n  11.00 \u2013 12.00\n  <\/td><td>\n  5\u00b0 B\u00e1sico\n  <\/td><td>\n  5\u00b0 B\u00e1sico\n  <\/td><td>\n  5\u00b0 B\u00e1sico\n  <\/td><td>\n  5\u00b0 B\u00e1sico\n  <\/td><td>\n  5\u00b0 B\u00e1sico\n  <\/td><\/tr><\/tbody><\/table><\/figure>\n","protected":false},"excerpt":{"rendered":"<p>En el marco de la Vacunaci\u00f3n Escolar, este lunes 27 de julio comenzar\u00e1 la vacunaci\u00f3n de ni\u00f1os y ni\u00f1as de nuevos establecimientos educacionales, a cargo de los Centros de Salud&#8230; <a class=\"read-more\" href=\"https:\/\/www.radiopresidenteibanez.cl\/web\/esta-semana-continua-vacunacion-escolar-en-establecimientos-de-punta-arenas\/\">Leer m\u00e1s<\/a><\/p>\n","protected":false},"author":2,"featured_media":13656,"comment_status":"closed","ping_status":"closed","sticky":false,"template":"","format":"standard","meta":{"footnotes":""},"categories":[1],"tags":[],"class_list":["post-13655","post","type-post","status-publish","format-standard","has-post-thumbnail","hentry","category-cronica"],"_links":{"self":[{"href":"https:\/\/www.radiopresidenteibanez.cl\/web\/wp-json\/wp\/v2\/posts\/13655","targetHints":{"allow":["GET"]}}],"collection":[{"href":"https:\/\/www.radiopresidenteibanez.cl\/web\/wp-json\/wp\/v2\/posts"}],"about":[{"href":"https:\/\/www.radiopresidenteibanez.cl\/web\/wp-json\/wp\/v2\/types\/post"}],"author":[{"embeddable":true,"href":"https:\/\/www.radiopresidenteibanez.cl\/web\/wp-json\/wp\/v2\/users\/2"}],"replies":[{"embeddable":true,"href":"https:\/\/www.radiopresidenteibanez.cl\/web\/wp-json\/wp\/v2\/comments?post=13655"}],"version-history":[{"count":0,"href":"https:\/\/www.radiopresidenteibanez.cl\/web\/wp-json\/wp\/v2\/posts\/13655\/revisions"}],"wp:featuredmedia":[{"embeddable":true,"href":"https:\/\/www.radiopresidenteibanez.cl\/web\/wp-json\/wp\/v2\/media\/13656"}],"wp:attachment":[{"href":"https:\/\/www.radiopresidenteibanez.cl\/web\/wp-json\/wp\/v2\/media?parent=13655"}],"wp:term":[{"taxonomy":"category","embeddable":true,"href":"https:\/\/www.radiopresidenteibanez.cl\/web\/wp-json\/wp\/v2\/categories?post=13655"},{"taxonomy":"post_tag","embeddable":true,"href":"https:\/\/www.radiopresidenteibanez.cl\/web\/wp-json\/wp\/v2\/tags?post=13655"}],"curies":[{"name":"wp","href":"https:\/\/api.w.org\/{rel}","templated":true}]}}