{"id":13652,"date":"2020-07-27T12:33:27","date_gmt":"2020-07-27T12:33:27","guid":{"rendered":"https:\/\/www.radiopresidenteibanez.cl\/web\/?p=13652"},"modified":"2020-07-27T12:33:31","modified_gmt":"2020-07-27T12:33:31","slug":"aunar-voluntades-por-ernesto-sepulveda","status":"publish","type":"post","link":"https:\/\/www.radiopresidenteibanez.cl\/web\/aunar-voluntades-por-ernesto-sepulveda\/","title":{"rendered":"\u00abAUNAR VOLUNTADES\u00bb por Ernesto Sepulveda"},"content":{"rendered":"\n<p>Concluy\u00f3 la semana pasada, con la decisi\u00f3n presidencial, de\nno vetar el proyecto de retiro del 10% de las AFP. En efecto, se suscribi\u00f3 el\ndecreto promulgatorio y se espera que este lunes sea ingresado a Contralor\u00eda\npara su toma de raz\u00f3n. Esta misma semana, se espera que se publique, entrando\nen vigencia, la reforma constitucional que permitir\u00e1 por \u00fanica vez, efectuar un\nretiro en dinero de las cuentas de ahorro individual. Mas all\u00e1 de las\ndiscusiones que se dieron, en el congreso y fuera de \u00e9l, acerca de la conveniencia,\no inconveniencia de aprobar esta reforma. En los hechos esto ya sucedi\u00f3, y\ncorresponde su presta y \u00e1gil implementaci\u00f3n. Desde el Banco Central y desde la\nsuperintendencia de pensiones, se han impartido instrucciones a las AFP, en\norden a facilitar el proceso. VAsimismo, el Banco Central adoptar\u00e1 medidas\ntendientes, a morigerar los efectos en el mercado, de la masiva venta de\nactivos que deber\u00e1n realizar las AFP. EL mercado ya asimil\u00f3 la noticia, e\nincluso expertos del sector econ\u00f3mico, anticipan efectos positivos, tanto en el\nPIB, como en la recaudaci\u00f3n fiscal. En efecto se espera, que la multimillonaria\ntransferencia de recursos desde las cuentas individuales, a las manos de los\nahorrantes, produzca una disminuci\u00f3n de hasta de 5 puntos en el PIB.\nMejoramiento en indicadores del comercio, la banca y el sector inmobiliario.\nEncuestas recientes, revelan que el 80% de los ahorrantes destinar\u00edan, los\nrecursos al pago de deudas, consumo y pago de cr\u00e9ditos. Por otra parte, se\nestima que el fisco recaudar\u00eda unos 3 mil M$ USD, adicionales, s\u00f3lo por\nconcepto de IVA.<\/p>\n\n\n\n<p>&nbsp;&nbsp;&nbsp;&nbsp;&nbsp;&nbsp;&nbsp;&nbsp;&nbsp;&nbsp;&nbsp;&nbsp;&nbsp;&nbsp;&nbsp;&nbsp;&nbsp;&nbsp;&nbsp;&nbsp;&nbsp;&nbsp;&nbsp;&nbsp;&nbsp;&nbsp;&nbsp;&nbsp;&nbsp;&nbsp;&nbsp;&nbsp;&nbsp;&nbsp;&nbsp;&nbsp;&nbsp;&nbsp;&nbsp;&nbsp;&nbsp; Lo\nque tenemos por delante, no se agota en la discusi\u00f3n ya superada sobre el\nretiro del 10%. Debe completarse el paquete de medidas de apoyo a las personas,\ny a los sectores medios, que se ha tramitado paralelamente en el congreso. Esto\ndebe ir avanzando al mismo tiempo, que nuevas medidas de fomento a la actividad\necon\u00f3mica, y a la reactivaci\u00f3n. No puede depender en el futuro de Chile, de lo\nque pueda extraerse de las arcas fiscales, ya bastante menguadas con los\nsucesivos paquetes de ayuda. Lo que las personas y las familias necesitan, es\nempleos estables, con ingresos suficientes para sustentarse. EL c\u00edrculo\nvirtuoso del emprendimiento, el empleo y los ingresos de las personas, se\nencuentra en millones de casos, interrumpido. Primero por la ola de destrucci\u00f3n\ny violencia, que asol\u00f3 ciudades por todo Chile, como derivada del estallido\nsocial. Y luego por las medidas sanitarias derivadas de la pandemia,\ncuarentenas, barreras sanitarias, y, en resumen, interrupci\u00f3n de la cadena\nproductiva.<\/p>\n\n\n\n<p>&nbsp;&nbsp;&nbsp;&nbsp;&nbsp;&nbsp;&nbsp;&nbsp;&nbsp;&nbsp;&nbsp;&nbsp;&nbsp;&nbsp;&nbsp;&nbsp;&nbsp;&nbsp;&nbsp;&nbsp;&nbsp;&nbsp;&nbsp;&nbsp;&nbsp;&nbsp;&nbsp;&nbsp;&nbsp;&nbsp;&nbsp;&nbsp;&nbsp;&nbsp;&nbsp;&nbsp;&nbsp;&nbsp;&nbsp;&nbsp;&nbsp;&nbsp;&nbsp;&nbsp;&nbsp;&nbsp;&nbsp;&nbsp;&nbsp;&nbsp;&nbsp;&nbsp;&nbsp;&nbsp;&nbsp;&nbsp; La\ndiscusi\u00f3n p\u00fablica, debiera centrarse en el aqu\u00ed y en el ahora. Es ahora cuando,\njunto a mantener los m\u00e1s altos est\u00e1ndares sanitarios, debemos retomar con\nfuerza la marcha de la econom\u00eda. Es la responsabilidad que tienen gobierno y\noposici\u00f3n, no dejarse enga\u00f1ar por cantos de sirena, que ofrecen el oro y el\nmoro, para la pr\u00f3xima elecci\u00f3n. Los problemas de Chile no pueden esperar, a que\notro inquilino se instale en La Moneda, y otros vengan a ocupar los curules\nparlamentarios. La responsabilidad, obliga a construir puentes, acercar\nposiciones, construir un gran acuerdo por el empleo y el crecimiento.<\/p>\n\n\n\n<p>&nbsp;&nbsp;&nbsp;&nbsp;&nbsp;&nbsp;&nbsp;&nbsp;&nbsp;&nbsp;&nbsp;&nbsp;&nbsp;&nbsp;&nbsp;&nbsp;&nbsp;&nbsp;&nbsp;&nbsp;&nbsp;&nbsp;&nbsp;&nbsp;&nbsp;&nbsp;&nbsp;&nbsp;&nbsp;&nbsp;&nbsp;&nbsp;&nbsp;&nbsp;&nbsp;&nbsp;&nbsp;&nbsp;&nbsp;&nbsp;&nbsp;&nbsp;&nbsp;&nbsp;&nbsp;&nbsp;&nbsp;&nbsp;&nbsp;&nbsp;&nbsp;&nbsp;&nbsp;&nbsp;&nbsp;&nbsp; No\ntiene sentido de realidad, el esperar que un eventual proceso constituyente sea\nla soluci\u00f3n o el resorte de todos los problemas. Es una discusi\u00f3n importante,\nque se tendr\u00e1 en los plazos y con los procedimientos ya establecidos. En un\nproceso que en el evento que ganar\u00e1 el apruebo en octubre, nos tomar\u00eda al\nmenos, los pr\u00f3ximos tres a\u00f1os. Ergo, no soluciona ninguno de los temas que nos\naquejan hoy.&nbsp; Qui\u00e9ranlo o no, los\npol\u00edticos de los dos extremos, deber\u00e1n interlocutar, conversar, discutir, y\nllegar a acuerdos. De lo contrario, significar\u00eda que un pa\u00eds modesto como el\nnuestro, estar\u00eda invirtiendo cifras del primer mundo, para mantener una clase\ndirigente, que se niega a asumir su rol. <\/p>\n\n\n\n<p>&nbsp;&nbsp;&nbsp;&nbsp;&nbsp;&nbsp;&nbsp;&nbsp;&nbsp;&nbsp;&nbsp;&nbsp;&nbsp;&nbsp;&nbsp;&nbsp;&nbsp;&nbsp;&nbsp;&nbsp;&nbsp;&nbsp;&nbsp;&nbsp;&nbsp;&nbsp;&nbsp;&nbsp;&nbsp;&nbsp;&nbsp;&nbsp;&nbsp;&nbsp;&nbsp;&nbsp;&nbsp;&nbsp;&nbsp;&nbsp;&nbsp;&nbsp;&nbsp;&nbsp;&nbsp;&nbsp;&nbsp;&nbsp;&nbsp;&nbsp;&nbsp;&nbsp;&nbsp;&nbsp;&nbsp;&nbsp; Los\npobres no pueden esperar, tampoco la clase media, el pa\u00eds entero no puede\nesperar. Cientos de personas se alimentan hoy d\u00eda, en ollas comunes, o\ncomedores solidarios, s\u00f3lo en Punta Arenas. Esto se reproduce por todas partes.\nLas cajas de alimentos que entrega el gobierno, se unen a cajas de alimentos\nautogestionadas por las Juntas de vecinos, los canales de TV locales, por la\nIglesia Cat\u00f3lica, y por estudiantes universitarios. Vivimos en Magallanes, uno\nde los inviernos m\u00e1s g\u00e9lidos en d\u00e9cadas. Comunas rurales como Laguna Blanca,\ncon estanques de agua congelada, ca\u00f1er\u00edas de agua de las casas congeladas. Con\ncortes de energ\u00eda el\u00e9ctrica e internet. Sin calefacci\u00f3n, no se puede vivir en\nel austro, la le\u00f1a y el carb\u00f3n son un recurso precioso cuando no se cuenta con\ngas, para sustentar la vida.<\/p>\n\n\n\n<p>&nbsp;&nbsp;&nbsp;&nbsp;&nbsp;&nbsp;&nbsp;&nbsp;&nbsp;&nbsp;&nbsp;&nbsp;&nbsp;&nbsp;&nbsp;&nbsp;&nbsp;&nbsp;&nbsp;&nbsp;&nbsp;&nbsp;&nbsp;&nbsp;&nbsp;&nbsp;&nbsp;&nbsp;&nbsp;&nbsp;&nbsp;&nbsp;&nbsp;&nbsp;&nbsp;&nbsp;&nbsp;&nbsp;&nbsp;&nbsp;&nbsp;&nbsp;&nbsp;&nbsp;&nbsp;&nbsp;&nbsp;&nbsp;&nbsp;&nbsp;&nbsp;&nbsp;&nbsp;&nbsp;&nbsp;&nbsp; Estos\ntemas, de la realidad cotidiana, que a alguien puede parecer pedestre, es el\nd\u00eda a d\u00eda de muchos hogares. Con qu\u00e9 cara, se le puede hablar a estas personas,\nde filosof\u00eda pol\u00edtica, de derechos sociales, de reformas. Si no hemos sido\ncapaces como sociedad de responder, con solidaridad, con cari\u00f1o, con\ncuidados.&nbsp; Hay una reserva moral muy\nvaliosa en el mas humilde, en el que hoy padece carencias y postergaciones. Una\nactitud de sensatez, de dignidad, de fraternidad, que quienes hemos estado en\nlas elites econ\u00f3micas, sociales, o pol\u00edticas debemos recuperar.<\/p>\n\n\n\n<p>&nbsp;&nbsp;&nbsp;&nbsp;&nbsp;&nbsp;&nbsp;&nbsp;&nbsp;&nbsp;&nbsp;&nbsp;&nbsp;&nbsp;&nbsp;&nbsp;&nbsp;&nbsp;&nbsp;&nbsp;&nbsp;&nbsp;&nbsp;&nbsp;&nbsp;&nbsp;&nbsp;&nbsp;&nbsp;&nbsp;&nbsp;&nbsp;&nbsp;&nbsp;&nbsp;&nbsp;&nbsp;&nbsp;&nbsp;&nbsp;&nbsp;&nbsp;&nbsp;&nbsp;&nbsp;&nbsp;&nbsp;&nbsp;&nbsp;&nbsp;&nbsp;&nbsp;&nbsp;&nbsp;&nbsp;&nbsp; Estoy\nconvencido de que en la medida que mas y mas personas, adquiramos consciencia\nde la necesidad de una transformaci\u00f3n interior, de un cambio en nosotros\nmismos, vamos a poder acometer cualquier cambio o transformaci\u00f3n superior. Por\nac\u00e1 estamos colaborando en aunar voluntades, en tender puentes entre sectores\ndiversos. Proponiendo ideas, colaborando en la implementaci\u00f3n de soluciones\ninnovadora, realizando acciones pr\u00e1cticas, concretas, en relaciones uno a uno,\ncon&nbsp;&nbsp; personas de carne y hueso. <\/p>\n\n\n\n<p>&nbsp;&nbsp;&nbsp;&nbsp;&nbsp;&nbsp;&nbsp;&nbsp;&nbsp;&nbsp;&nbsp;&nbsp;&nbsp;&nbsp;&nbsp;&nbsp;&nbsp;&nbsp;&nbsp;&nbsp;&nbsp;&nbsp;&nbsp;&nbsp;&nbsp;&nbsp;&nbsp;&nbsp;&nbsp;&nbsp;&nbsp;&nbsp;&nbsp;&nbsp;&nbsp;&nbsp;&nbsp;&nbsp;&nbsp;&nbsp;&nbsp;&nbsp;&nbsp;&nbsp;&nbsp;&nbsp;&nbsp;&nbsp;&nbsp;&nbsp;&nbsp;&nbsp;&nbsp;&nbsp;&nbsp;&nbsp; As\u00ed\nes como yo creo, que vamos a salir de esta prueba vital, de esta prueba hist\u00f3rica.\nEstoy lleno de esperanzas y optimismo, porque cada d\u00eda encuentro, m\u00e1s hombres y\nmujeres que est\u00e1n en la misma. <\/p>\n\n\n\n<p>Ernesto Sep\u00falveda Tornero<\/p>\n","protected":false},"excerpt":{"rendered":"<p>Concluy\u00f3 la semana pasada, con la decisi\u00f3n presidencial, de no vetar el proyecto de retiro del 10% de las AFP. En efecto, se suscribi\u00f3 el decreto promulgatorio y se espera&#8230; <a class=\"read-more\" href=\"https:\/\/www.radiopresidenteibanez.cl\/web\/aunar-voluntades-por-ernesto-sepulveda\/\">Leer m\u00e1s<\/a><\/p>\n","protected":false},"author":2,"featured_media":2310,"comment_status":"closed","ping_status":"closed","sticky":false,"template":"","format":"standard","meta":{"footnotes":""},"categories":[1],"tags":[],"class_list":["post-13652","post","type-post","status-publish","format-standard","has-post-thumbnail","hentry","category-cronica"],"_links":{"self":[{"href":"https:\/\/www.radiopresidenteibanez.cl\/web\/wp-json\/wp\/v2\/posts\/13652","targetHints":{"allow":["GET"]}}],"collection":[{"href":"https:\/\/www.radiopresidenteibanez.cl\/web\/wp-json\/wp\/v2\/posts"}],"about":[{"href":"https:\/\/www.radiopresidenteibanez.cl\/web\/wp-json\/wp\/v2\/types\/post"}],"author":[{"embeddable":true,"href":"https:\/\/www.radiopresidenteibanez.cl\/web\/wp-json\/wp\/v2\/users\/2"}],"replies":[{"embeddable":true,"href":"https:\/\/www.radiopresidenteibanez.cl\/web\/wp-json\/wp\/v2\/comments?post=13652"}],"version-history":[{"count":0,"href":"https:\/\/www.radiopresidenteibanez.cl\/web\/wp-json\/wp\/v2\/posts\/13652\/revisions"}],"wp:featuredmedia":[{"embeddable":true,"href":"https:\/\/www.radiopresidenteibanez.cl\/web\/wp-json\/wp\/v2\/media\/2310"}],"wp:attachment":[{"href":"https:\/\/www.radiopresidenteibanez.cl\/web\/wp-json\/wp\/v2\/media?parent=13652"}],"wp:term":[{"taxonomy":"category","embeddable":true,"href":"https:\/\/www.radiopresidenteibanez.cl\/web\/wp-json\/wp\/v2\/categories?post=13652"},{"taxonomy":"post_tag","embeddable":true,"href":"https:\/\/www.radiopresidenteibanez.cl\/web\/wp-json\/wp\/v2\/tags?post=13652"}],"curies":[{"name":"wp","href":"https:\/\/api.w.org\/{rel}","templated":true}]}}