{"id":13647,"date":"2020-07-27T01:32:20","date_gmt":"2020-07-27T01:32:20","guid":{"rendered":"https:\/\/www.radiopresidenteibanez.cl\/web\/?p=13647"},"modified":"2020-07-27T01:41:15","modified_gmt":"2020-07-27T01:41:15","slug":"conocido-vecino-de-la-poblacion-san-miguel-fallecio-en-incendio-de-su-hogar","status":"publish","type":"post","link":"https:\/\/www.radiopresidenteibanez.cl\/web\/conocido-vecino-de-la-poblacion-san-miguel-fallecio-en-incendio-de-su-hogar\/","title":{"rendered":"CONOCIDO VECINO DE LA POBLACI\u00d3N SAN MIGUEL FALLECI\u00d3 EN INCENDIO DE SU HOGAR"},"content":{"rendered":"\n<p>En horas de\nla tarde de este, domingo 26 de julio, un incendio consumi\u00f3 una vivienda\nubicada en calle Ballavista n\u00b038, en la ocasi\u00f3n debi\u00f3 concurrir voluntarios de\ntres compa\u00f1\u00edas de Bomberos quienes trabajaron arduamente para extinguir las\nllamas.<\/p>\n\n\n\n<p>En la ocasi\u00f3n, lamentablemente se dio a conocer el fallecimiento del conocido vecino del barrio San Miguel de Punta Arenas, Humberto L\u00f3pez Vivar de 80 a\u00f1os. <\/p>\n\n\n\n<p>Cabe mencionar, que tambi\u00e9n hubo tres Bomberos con lesiones por lo que debieron ser trasladados hasta las dependencias del Hospital Cl\u00ednico de Magallanes.<\/p>\n\n\n\n<p><\/p>\n\n\n\n<p>CHH.<\/p>\n","protected":false},"excerpt":{"rendered":"<p>En horas de la tarde de este, domingo 26 de julio, un incendio consumi\u00f3 una vivienda ubicada en calle Ballavista n\u00b038, en la ocasi\u00f3n debi\u00f3 concurrir voluntarios de tres compa\u00f1\u00edas&#8230; <a class=\"read-more\" href=\"https:\/\/www.radiopresidenteibanez.cl\/web\/conocido-vecino-de-la-poblacion-san-miguel-fallecio-en-incendio-de-su-hogar\/\">Leer m\u00e1s<\/a><\/p>\n","protected":false},"author":2,"featured_media":740,"comment_status":"closed","ping_status":"closed","sticky":false,"template":"","format":"standard","meta":{"footnotes":""},"categories":[1],"tags":[],"class_list":["post-13647","post","type-post","status-publish","format-standard","has-post-thumbnail","hentry","category-cronica"],"_links":{"self":[{"href":"https:\/\/www.radiopresidenteibanez.cl\/web\/wp-json\/wp\/v2\/posts\/13647","targetHints":{"allow":["GET"]}}],"collection":[{"href":"https:\/\/www.radiopresidenteibanez.cl\/web\/wp-json\/wp\/v2\/posts"}],"about":[{"href":"https:\/\/www.radiopresidenteibanez.cl\/web\/wp-json\/wp\/v2\/types\/post"}],"author":[{"embeddable":true,"href":"https:\/\/www.radiopresidenteibanez.cl\/web\/wp-json\/wp\/v2\/users\/2"}],"replies":[{"embeddable":true,"href":"https:\/\/www.radiopresidenteibanez.cl\/web\/wp-json\/wp\/v2\/comments?post=13647"}],"version-history":[{"count":0,"href":"https:\/\/www.radiopresidenteibanez.cl\/web\/wp-json\/wp\/v2\/posts\/13647\/revisions"}],"wp:featuredmedia":[{"embeddable":true,"href":"https:\/\/www.radiopresidenteibanez.cl\/web\/wp-json\/wp\/v2\/media\/740"}],"wp:attachment":[{"href":"https:\/\/www.radiopresidenteibanez.cl\/web\/wp-json\/wp\/v2\/media?parent=13647"}],"wp:term":[{"taxonomy":"category","embeddable":true,"href":"https:\/\/www.radiopresidenteibanez.cl\/web\/wp-json\/wp\/v2\/categories?post=13647"},{"taxonomy":"post_tag","embeddable":true,"href":"https:\/\/www.radiopresidenteibanez.cl\/web\/wp-json\/wp\/v2\/tags?post=13647"}],"curies":[{"name":"wp","href":"https:\/\/api.w.org\/{rel}","templated":true}]}}