{"id":13644,"date":"2020-07-27T01:16:13","date_gmt":"2020-07-27T01:16:13","guid":{"rendered":"https:\/\/www.radiopresidenteibanez.cl\/web\/?p=13644"},"modified":"2020-07-27T01:16:17","modified_gmt":"2020-07-27T01:16:17","slug":"la-tia-rica-llama-a-sus-sobrinos-a-hacer-retiro-de-excedentes","status":"publish","type":"post","link":"https:\/\/www.radiopresidenteibanez.cl\/web\/la-tia-rica-llama-a-sus-sobrinos-a-hacer-retiro-de-excedentes\/","title":{"rendered":"LA \u201cT\u00cdA RICA\u201d LLAMA A SUS \u201cSOBRINOS\u201d A HACER RETIRO DE EXCEDENTES"},"content":{"rendered":"\n<p>Durante\nesta semana, la Direcci\u00f3n de Cr\u00e9dito Prendario (Dicrep) \u2013m\u00e1s conocida como la\n\u201cT\u00eda Rica\u201d- inform\u00f3 a sus \u201csobrinos\u201d que actualmente se encuentra disponible el\nretiro de excedentes por casi un mill\u00f3n 800 mil pesos, en beneficio de m\u00e1s de 200\nusuarios del servicio en la regi\u00f3n, a los cuales se invit\u00f3 a realizar las\nconsultas para hacer el retiro de sus montos correspondientes.<\/p>\n\n\n\n<p>As\u00ed lo\ninform\u00f3 la Seremi del Trabajo, Victoria Cort\u00e9s Schiattino, quien expres\u00f3 que \u201cesta\nes una buena noticia para todos los usuarios de nuestra \u201cT\u00eda Rica\u201d,\nespec\u00edficamente, para poco m\u00e1s de 200 personas que, producto del remate de sus\nprendas, generaron estos excedentes que hoy d\u00eda pueden cobrar, ya sea a trav\u00e9s\ndel sitio web de la Dicrep, <a href=\"http:\/\/www.dicrep.cl\">www.dicrep.cl<\/a> o de\nmanera presencial en nuestra sucursal de Punta Arenas. Esperamos que todos los\nbeneficiarios de este proceso puedan hacer el cobro de sus montos, ya que puede\nsignificar una ayuda importante en medio de la crisis sanitaria\u201d.<\/p>\n\n\n\n<p>Estos\nexcedentes se generan a partir de las prendas empe\u00f1adas que, por uno u otro\nmotivo, los usuarios no retiran ni renuevan dentro del plazo establecido para\nello (de 5 meses m\u00e1s un mes de gracia) y que, por tanto, pasan a remate. En la\nsubasta, el valor m\u00ednimo de remate corresponde al monto prestado, m\u00e1s los\nintereses acumulados a la fecha del remate. Si la prenda es adjudicada a un\nmayor costo, la diferencia es el excedente que queda a favor de quien empe\u00f1\u00f3 la\nprenda.<\/p>\n\n\n\n<p>Seg\u00fan\nexplic\u00f3 el administrador regional de la Dicrep Magallanes, Claudio Reyes\nGuti\u00e9rrez, \u201clos usuarios tienen plazo de un a\u00f1o, desde que su prenda sale a\nremate, para poder cobrar el excedente a su favor. Por lo mismo, estamos\nhaciendo este llamado para que todos aquellos usuarios cuya prenda se ha ido a\nremate, hagan las consultas y puedan cobrar estos dineros que les ser\u00e1n de gran\nayuda, especialmente, en esta \u00e9poca de crisis\u201d.<\/p>\n\n\n\n<p>Quienes\ndeseen consultar sobre este proceso, pueden hacerlo a trav\u00e9s del sitio web del\nservicio, <a href=\"http:\/\/www.dicrep.cl\">www.dicrep.cl<\/a>, ingresando a la secci\u00f3n\n\u201ctr\u00e1mites\u201d. Si el usuario posee CuentaRut, puede hacer el cobro en la misma\np\u00e1gina web. Igualmente, se pueden hacer consultas en el call center del\nservicio, al n\u00famero 800 340 022 o al fono 2 2690 6900.<\/p>\n\n\n\n<p>En caso\nde preferir el tr\u00e1mite presencial, las autoridades recordaron que la oficina de\nDicrep Magallanes funciona de 9:00 a 14:00 horas, en la calle Lautaro Navarro\nN\u00b01024, Punta Arenas, donde podr\u00e1n hacer el cobro con su c\u00e9dula de identidad\nvigente.<\/p>\n","protected":false},"excerpt":{"rendered":"<p>Durante esta semana, la Direcci\u00f3n de Cr\u00e9dito Prendario (Dicrep) \u2013m\u00e1s conocida como la \u201cT\u00eda Rica\u201d- inform\u00f3 a sus \u201csobrinos\u201d que actualmente se encuentra disponible el retiro de excedentes por casi&#8230; <a class=\"read-more\" href=\"https:\/\/www.radiopresidenteibanez.cl\/web\/la-tia-rica-llama-a-sus-sobrinos-a-hacer-retiro-de-excedentes\/\">Leer m\u00e1s<\/a><\/p>\n","protected":false},"author":2,"featured_media":13645,"comment_status":"closed","ping_status":"closed","sticky":false,"template":"","format":"standard","meta":{"footnotes":""},"categories":[1],"tags":[],"class_list":["post-13644","post","type-post","status-publish","format-standard","has-post-thumbnail","hentry","category-cronica"],"_links":{"self":[{"href":"https:\/\/www.radiopresidenteibanez.cl\/web\/wp-json\/wp\/v2\/posts\/13644","targetHints":{"allow":["GET"]}}],"collection":[{"href":"https:\/\/www.radiopresidenteibanez.cl\/web\/wp-json\/wp\/v2\/posts"}],"about":[{"href":"https:\/\/www.radiopresidenteibanez.cl\/web\/wp-json\/wp\/v2\/types\/post"}],"author":[{"embeddable":true,"href":"https:\/\/www.radiopresidenteibanez.cl\/web\/wp-json\/wp\/v2\/users\/2"}],"replies":[{"embeddable":true,"href":"https:\/\/www.radiopresidenteibanez.cl\/web\/wp-json\/wp\/v2\/comments?post=13644"}],"version-history":[{"count":0,"href":"https:\/\/www.radiopresidenteibanez.cl\/web\/wp-json\/wp\/v2\/posts\/13644\/revisions"}],"wp:featuredmedia":[{"embeddable":true,"href":"https:\/\/www.radiopresidenteibanez.cl\/web\/wp-json\/wp\/v2\/media\/13645"}],"wp:attachment":[{"href":"https:\/\/www.radiopresidenteibanez.cl\/web\/wp-json\/wp\/v2\/media?parent=13644"}],"wp:term":[{"taxonomy":"category","embeddable":true,"href":"https:\/\/www.radiopresidenteibanez.cl\/web\/wp-json\/wp\/v2\/categories?post=13644"},{"taxonomy":"post_tag","embeddable":true,"href":"https:\/\/www.radiopresidenteibanez.cl\/web\/wp-json\/wp\/v2\/tags?post=13644"}],"curies":[{"name":"wp","href":"https:\/\/api.w.org\/{rel}","templated":true}]}}