{"id":1364,"date":"2019-02-13T00:49:36","date_gmt":"2019-02-13T00:49:36","guid":{"rendered":"http:\/\/www.radiopresidenteibanez.cl\/web\/?p=1364"},"modified":"2019-02-13T00:50:21","modified_gmt":"2019-02-13T00:50:21","slug":"jose-fernandez-dubrock-es-el-nuevo-intendente-de-la-region-de-magallanes-y-antartica-chilena","status":"publish","type":"post","link":"https:\/\/www.radiopresidenteibanez.cl\/web\/jose-fernandez-dubrock-es-el-nuevo-intendente-de-la-region-de-magallanes-y-antartica-chilena\/","title":{"rendered":"JOS\u00c9 FERN\u00c1NDEZ DUBROCK ES EL NUEVO INTENDENTE DE LA REGI\u00d3N DE MAGALLANES Y ANT\u00c1RTICA CHILENA"},"content":{"rendered":"\n<p>Pasada las 16:30 horas, de este mi\u00e9rcoles\nse dio a conocer que Mar\u00eda Teresa Casta\u00f1\u00f3n dejaba su cargo como Intendenta\nRegional de Magallanes, ante esta situaci\u00f3n la nueva m\u00e1xima autoridad ser\u00e1 el\nque hasta ayer era Seremi de Agricultura, Jos\u00e9 Fern\u00e1ndez Dubrock, quien comenz\u00f3\neste mismo 12 de febrero sus funciones como Intendente de Magallanes.<\/p>\n\n\n\n<p>Cabe mencionar que, el lunes en\ndependencias de la Moneda se realiz\u00f3 un Gabinete Pol\u00edtico, encabezado por el presidente\nSebasti\u00e1n Pi\u00f1era, donde aparte de conversar sobre la situaci\u00f3n que se vive en\nel norte del pa\u00eds, se habr\u00eda visto las evaluaciones de los Intendentes de Arica\ny Parinacota, Aysen y Magallanes. <\/p>\n","protected":false},"excerpt":{"rendered":"<p>Pasada las 16:30 horas, de este mi\u00e9rcoles se dio a conocer que Mar\u00eda Teresa Casta\u00f1\u00f3n dejaba su cargo como Intendenta Regional de Magallanes, ante esta situaci\u00f3n la nueva m\u00e1xima autoridad&#8230; <a class=\"read-more\" href=\"https:\/\/www.radiopresidenteibanez.cl\/web\/jose-fernandez-dubrock-es-el-nuevo-intendente-de-la-region-de-magallanes-y-antartica-chilena\/\">Leer m\u00e1s<\/a><\/p>\n","protected":false},"author":2,"featured_media":1365,"comment_status":"closed","ping_status":"closed","sticky":false,"template":"","format":"standard","meta":{"footnotes":""},"categories":[5],"tags":[],"class_list":["post-1364","post","type-post","status-publish","format-standard","has-post-thumbnail","hentry","category-politica"],"_links":{"self":[{"href":"https:\/\/www.radiopresidenteibanez.cl\/web\/wp-json\/wp\/v2\/posts\/1364","targetHints":{"allow":["GET"]}}],"collection":[{"href":"https:\/\/www.radiopresidenteibanez.cl\/web\/wp-json\/wp\/v2\/posts"}],"about":[{"href":"https:\/\/www.radiopresidenteibanez.cl\/web\/wp-json\/wp\/v2\/types\/post"}],"author":[{"embeddable":true,"href":"https:\/\/www.radiopresidenteibanez.cl\/web\/wp-json\/wp\/v2\/users\/2"}],"replies":[{"embeddable":true,"href":"https:\/\/www.radiopresidenteibanez.cl\/web\/wp-json\/wp\/v2\/comments?post=1364"}],"version-history":[{"count":0,"href":"https:\/\/www.radiopresidenteibanez.cl\/web\/wp-json\/wp\/v2\/posts\/1364\/revisions"}],"wp:featuredmedia":[{"embeddable":true,"href":"https:\/\/www.radiopresidenteibanez.cl\/web\/wp-json\/wp\/v2\/media\/1365"}],"wp:attachment":[{"href":"https:\/\/www.radiopresidenteibanez.cl\/web\/wp-json\/wp\/v2\/media?parent=1364"}],"wp:term":[{"taxonomy":"category","embeddable":true,"href":"https:\/\/www.radiopresidenteibanez.cl\/web\/wp-json\/wp\/v2\/categories?post=1364"},{"taxonomy":"post_tag","embeddable":true,"href":"https:\/\/www.radiopresidenteibanez.cl\/web\/wp-json\/wp\/v2\/tags?post=1364"}],"curies":[{"name":"wp","href":"https:\/\/api.w.org\/{rel}","templated":true}]}}