{"id":13638,"date":"2020-07-27T01:11:24","date_gmt":"2020-07-27T01:11:24","guid":{"rendered":"https:\/\/www.radiopresidenteibanez.cl\/web\/?p=13638"},"modified":"2020-07-27T01:11:27","modified_gmt":"2020-07-27T01:11:27","slug":"aguas-magallanes-llama-a-no-bajar-la-guardia-y-proteger-las-instalaciones-sanitarias-domiciliarias-mas-de-dos-mil-llamados-de-emergencias-se-realizo-durante-la-semana","status":"publish","type":"post","link":"https:\/\/www.radiopresidenteibanez.cl\/web\/aguas-magallanes-llama-a-no-bajar-la-guardia-y-proteger-las-instalaciones-sanitarias-domiciliarias-mas-de-dos-mil-llamados-de-emergencias-se-realizo-durante-la-semana\/","title":{"rendered":"AGUAS MAGALLANES LLAMA A NO BAJAR LA GUARDIA Y PROTEGER LAS INSTALACIONES SANITARIAS DOMICILIARIAS : M\u00c1S DE DOS MIL LLAMADOS DE EMERGENCIAS SE REALIZ\u00d3 DURANTE LA SEMANA"},"content":{"rendered":"\n<p>Aguas Magallanes contin\u00faa haciendo frente a la gran demanda de requerimientos por rotura de medidores y ca\u00f1er\u00edas, 80% de los casos, sin la protecci\u00f3n adecuada. A ra\u00edz de lo anterior la empresa inform\u00f3 que entre el 21 y 25 de julio se han registrado m\u00e1s de 2 mil solicitudes de atenciones t\u00e9cnicas, producto de las bajas temperaturas y posteriores deshielos. Aproximadamente el 35% de los casos corresponde a medidores congelados y un 45% a problemas al interior de las viviendas.<\/p>\n\n\n\n<p>Un centenar de trabajadores se mantendr\u00e1 operativo y en terreno hasta superar esta emergencia, adoptando todos los resguardos considerando el estado de contingencia sanitaria por COVID-19.<\/p>\n\n\n\n<p>Christian Adema Galetovic, gerente&nbsp; regional de Aguas Magallanes, coment\u00f3 que, \u201cdurante este s\u00e1bado se pudo apreciar una&nbsp; disminuci\u00f3n de requerimientos y de fugas de agua en domicilios, sin descartar a\u00fan, que pudiesen realizarse nuevos cortes de suministro si la situaci\u00f3n lo requiere\u201d. El ejecutivo detall\u00f3 que en estos casos, la informaci\u00f3n es transmitida a los dirigentes vecinales del sector comprometido y publicada en las plataformas digitales y en medios de comunicaci\u00f3n.&nbsp;<\/p>\n\n\n\n<p>La empresa inform\u00f3 que este s\u00e1bado la planta de producci\u00f3n de agua potable oper\u00f3 a plena capacidad y sin inconvenientes t\u00e9cnicos. <\/p>\n\n\n\n<p>Finalmente, la empresa record\u00f3 que las plataformas digitales App Aguas Magallanes, Twitter y sitio&nbsp;<a href=\"http:\/\/aguasmagallanes.cl\/\" target=\"_blank\" rel=\"noreferrer noopener\">aguasmagallanes.cl<\/a>, operan con la misma prioridad que la l\u00ednea telef\u00f3nica 612280028.<\/p>\n","protected":false},"excerpt":{"rendered":"<p>Aguas Magallanes contin\u00faa haciendo frente a la gran demanda de requerimientos por rotura de medidores y ca\u00f1er\u00edas, 80% de los casos, sin la protecci\u00f3n adecuada. A ra\u00edz de lo anterior&#8230; <a class=\"read-more\" href=\"https:\/\/www.radiopresidenteibanez.cl\/web\/aguas-magallanes-llama-a-no-bajar-la-guardia-y-proteger-las-instalaciones-sanitarias-domiciliarias-mas-de-dos-mil-llamados-de-emergencias-se-realizo-durante-la-semana\/\">Leer m\u00e1s<\/a><\/p>\n","protected":false},"author":2,"featured_media":13639,"comment_status":"closed","ping_status":"closed","sticky":false,"template":"","format":"standard","meta":{"footnotes":""},"categories":[1],"tags":[],"class_list":["post-13638","post","type-post","status-publish","format-standard","has-post-thumbnail","hentry","category-cronica"],"_links":{"self":[{"href":"https:\/\/www.radiopresidenteibanez.cl\/web\/wp-json\/wp\/v2\/posts\/13638","targetHints":{"allow":["GET"]}}],"collection":[{"href":"https:\/\/www.radiopresidenteibanez.cl\/web\/wp-json\/wp\/v2\/posts"}],"about":[{"href":"https:\/\/www.radiopresidenteibanez.cl\/web\/wp-json\/wp\/v2\/types\/post"}],"author":[{"embeddable":true,"href":"https:\/\/www.radiopresidenteibanez.cl\/web\/wp-json\/wp\/v2\/users\/2"}],"replies":[{"embeddable":true,"href":"https:\/\/www.radiopresidenteibanez.cl\/web\/wp-json\/wp\/v2\/comments?post=13638"}],"version-history":[{"count":0,"href":"https:\/\/www.radiopresidenteibanez.cl\/web\/wp-json\/wp\/v2\/posts\/13638\/revisions"}],"wp:featuredmedia":[{"embeddable":true,"href":"https:\/\/www.radiopresidenteibanez.cl\/web\/wp-json\/wp\/v2\/media\/13639"}],"wp:attachment":[{"href":"https:\/\/www.radiopresidenteibanez.cl\/web\/wp-json\/wp\/v2\/media?parent=13638"}],"wp:term":[{"taxonomy":"category","embeddable":true,"href":"https:\/\/www.radiopresidenteibanez.cl\/web\/wp-json\/wp\/v2\/categories?post=13638"},{"taxonomy":"post_tag","embeddable":true,"href":"https:\/\/www.radiopresidenteibanez.cl\/web\/wp-json\/wp\/v2\/tags?post=13638"}],"curies":[{"name":"wp","href":"https:\/\/api.w.org\/{rel}","templated":true}]}}