{"id":13635,"date":"2020-07-27T01:09:08","date_gmt":"2020-07-27T01:09:08","guid":{"rendered":"https:\/\/www.radiopresidenteibanez.cl\/web\/?p=13635"},"modified":"2020-07-27T01:09:13","modified_gmt":"2020-07-27T01:09:13","slug":"la-fibra-optica-mas-moderna-de-america-latina-por-nicolas-galvez-lopez","status":"publish","type":"post","link":"https:\/\/www.radiopresidenteibanez.cl\/web\/la-fibra-optica-mas-moderna-de-america-latina-por-nicolas-galvez-lopez\/","title":{"rendered":"LA FIBRA \u00d3PTICA M\u00c1S MODERNA DE AM\u00c9RICA LATINA por Nicol\u00e1s G\u00e1lvez L\u00f3pez"},"content":{"rendered":"\n<p>La red de fibra \u00f3ptica m\u00e1s\nmoderna de Am\u00e9rica Latina est\u00e1 tendida desde diciembre de 2019 en una red\nsubmarina y terrestre que conecta todo el territorio austral de Chile, a trav\u00e9s\nde un troncal Submarino que va desde Puerto Montt a Puerto Williams, pasando\npor Caleta Tortel, y tiene tres troncales terrestres en las regiones de Los\nLagos, Ays\u00e9n y Magallanes, que de acuerdo a las caracter\u00edsticas particulares de\ncada territorio est\u00e1n soterrados, en tendido a\u00e9reo o submarino.<\/p>\n\n\n\n<p>Este esfuerzo signific\u00f3 un\nsubsidio hist\u00f3rico cercano a los 100 millones de d\u00f3lares para el Estado de\nChile, e implic\u00f3 construir 3.953 Kms. lineales de cable entregando la autonom\u00eda\ne independencia geoestrat\u00e9gica en materia de conectividad e integraci\u00f3n\ndigital, olvidando la dependencia de la fibra que pasa por Argentina y\nconvirti\u00e9ndose en la m\u00e1s grande inversi\u00f3n realizada por el Estado en materia de\nconectividad para el territorio austral. Todo esto es una gran noticia para las\ntres regiones directamente beneficiadas dado que son integradas al territorio\nnacional de manera concreta y en directo beneficio de sus habitantes, para el\npa\u00eds por el esfuerzo que realiza en descentralizaci\u00f3n y por lograr que cerca\ndel 30% del territorio nacional logre mejoras sustanciales en conectividad\ndigital agregando valor a los sectores econ\u00f3micos y productivos de estas\nregiones extremas y para el mundo que podr\u00e1 estar conectado digitalmente con un\nterritorio con una abundante riqueza cient\u00edfica de inter\u00e9s planetario.<\/p>\n\n\n\n<p>De manera incre\u00edble y habiendo\npasado seis largos meses de esta gran noticia, con tristeza se puede observar\ncomo este notable esfuerzo pa\u00eds no puede ir en beneficio para los vecinos y\nvecinas de estas regiones dado que el propio Estado y el gobierno que lo dirige\nha sido incapaz de acelerar el uso de la Fibra \u00d3ptica Austral (FOA),\ndependiendo&nbsp; de la negociaci\u00f3n de las\nprincipales empresas que prefieren mantener los contratos con el pa\u00eds vecino,\ncuyos operadores pertenecen a los mismos grupos econ\u00f3micos otorgando un\nservicio de muy baja calidad sin hacer uso de la infraestructura nacional.<\/p>\n\n\n\n<p>Sumado a lo anterior, se observa\nuna clara pasividad de las autoridades regionales, en cuanto a generar\niniciativas que permitan la utilizaci\u00f3n del FOA en toda su capacidad, tampoco\nse vislumbra el desarrollo de futuros proyectos privados ni p\u00fablicos en\ntelecomunicaciones que est\u00e9n si quiera en etapa de dise\u00f1o. Tenemos que recordar\nque las Bases del Concurso establecen que las contraprestaciones corresponden a\nla disposici\u00f3n de un 15% de la capacidad de infraestructura f\u00edsica de\ntelecomunicaciones para el uso y servicio exclusivo de organismos p\u00fablicos.&nbsp;&nbsp;&nbsp;&nbsp;&nbsp; Por lo cual uno esperar\u00eda ver dise\u00f1os que\npodr\u00edan desarrollarse en el \u00e1mbito de la educaci\u00f3n p\u00fablica en todos sus niveles\no asociados a dar respuesta en materias sanitarias. Los \u00fanicos organismos\nP\u00fablicos interesados en el uso de contraprestaci\u00f3n y en conversaci\u00f3n con el Fondo\nde Desarrollo de las telecomunicaciones (FDT) de la Subtel, son la Red de\nconectividad del Estado (RCE), dependiente del Ministerio del Interior,\nMisterios de ciencia, tecnolog\u00eda, conocimiento e innovaci\u00f3n y el Ministerio de Defensa. <\/p>\n\n\n\n<p>Pero no est\u00e1 todo perdido, llegan\nnoticias positivas desde la aislada, pero siempre cercana comuna de Tortel que\nuna vez m\u00e1s con visi\u00f3n de futuro de su Alcalde, Consejo y equipo Municipal, se\npuso a trabajar y gestionar apoyos de p\u00fablicos y privados, de autoridades\nregionales y nacionales y ya est\u00e1n haciendo uso del FOA en esa comuna, dejando\natr\u00e1s una vida entera de aislamiento digital y as\u00ed mejorar ostensiblemente los\nservicio de comunicaciones para tener un servicio de calidad superior en\ninternet m\u00f3vil y de voz.<\/p>\n\n\n\n<p>Este proyecto no pertenece a este\ngobierno, es un proyecto de estado que en su momento cont\u00f3 con el respaldo del m\u00e1s\namplio espectro de representaci\u00f3n pol\u00edtica a nivel nacional, regional y comunal\ny de esa misma forma debe ser afrontado desde la Regi\u00f3n de Magallanes para\nbeneficio de todos y todas sus habitantes soportando todos los servicios de\ntelecomunicaciones que actualmente posee la regi\u00f3n e incorporando nuevos con\nmayor capacidad, de acceso y de aplicaciones. Es de esperar que las autoridades\ncumplan con su deber, las empresas operadoras est\u00e9n a la altura y en el m\u00e1s\ncorto plazo el extremo austral haga uso de la infraestructura disponible en el\npa\u00eds, para eso se construy\u00f3. <\/p>\n","protected":false},"excerpt":{"rendered":"<p>La red de fibra \u00f3ptica m\u00e1s moderna de Am\u00e9rica Latina est\u00e1 tendida desde diciembre de 2019 en una red submarina y terrestre que conecta todo el territorio austral de Chile,&#8230; <a class=\"read-more\" href=\"https:\/\/www.radiopresidenteibanez.cl\/web\/la-fibra-optica-mas-moderna-de-america-latina-por-nicolas-galvez-lopez\/\">Leer m\u00e1s<\/a><\/p>\n","protected":false},"author":2,"featured_media":13636,"comment_status":"closed","ping_status":"closed","sticky":false,"template":"","format":"standard","meta":{"footnotes":""},"categories":[1],"tags":[],"class_list":["post-13635","post","type-post","status-publish","format-standard","has-post-thumbnail","hentry","category-cronica"],"_links":{"self":[{"href":"https:\/\/www.radiopresidenteibanez.cl\/web\/wp-json\/wp\/v2\/posts\/13635","targetHints":{"allow":["GET"]}}],"collection":[{"href":"https:\/\/www.radiopresidenteibanez.cl\/web\/wp-json\/wp\/v2\/posts"}],"about":[{"href":"https:\/\/www.radiopresidenteibanez.cl\/web\/wp-json\/wp\/v2\/types\/post"}],"author":[{"embeddable":true,"href":"https:\/\/www.radiopresidenteibanez.cl\/web\/wp-json\/wp\/v2\/users\/2"}],"replies":[{"embeddable":true,"href":"https:\/\/www.radiopresidenteibanez.cl\/web\/wp-json\/wp\/v2\/comments?post=13635"}],"version-history":[{"count":0,"href":"https:\/\/www.radiopresidenteibanez.cl\/web\/wp-json\/wp\/v2\/posts\/13635\/revisions"}],"wp:featuredmedia":[{"embeddable":true,"href":"https:\/\/www.radiopresidenteibanez.cl\/web\/wp-json\/wp\/v2\/media\/13636"}],"wp:attachment":[{"href":"https:\/\/www.radiopresidenteibanez.cl\/web\/wp-json\/wp\/v2\/media?parent=13635"}],"wp:term":[{"taxonomy":"category","embeddable":true,"href":"https:\/\/www.radiopresidenteibanez.cl\/web\/wp-json\/wp\/v2\/categories?post=13635"},{"taxonomy":"post_tag","embeddable":true,"href":"https:\/\/www.radiopresidenteibanez.cl\/web\/wp-json\/wp\/v2\/tags?post=13635"}],"curies":[{"name":"wp","href":"https:\/\/api.w.org\/{rel}","templated":true}]}}