{"id":13633,"date":"2020-07-27T01:05:56","date_gmt":"2020-07-27T01:05:56","guid":{"rendered":"https:\/\/www.radiopresidenteibanez.cl\/web\/?p=13633"},"modified":"2020-07-27T01:06:00","modified_gmt":"2020-07-27T01:06:00","slug":"quien-es-el-jefe-por-pablo-cruz","status":"publish","type":"post","link":"https:\/\/www.radiopresidenteibanez.cl\/web\/quien-es-el-jefe-por-pablo-cruz\/","title":{"rendered":"\u00bfQUI\u00c9N ES EL JEFE? por Pablo Cruz"},"content":{"rendered":"\n<p>Las\n\u00faltimas noticias pol\u00edticas destacan la derrota del Presidente de la Rep\u00fablica\nante el Congreso Nacional.<\/p>\n\n\n\n<p>Derrota\nuno: el Congreso aprob\u00f3 la iniciativa presentada por varios parlamentarios que\nextiende la licencia de postnatal hasta por 90 d\u00edas, en per\u00edodo de pandemia y\nmientras est\u00e9 en vigencia el Estado de Excepci\u00f3n Constitucional. La iniciativa\npermite extender una licencia m\u00e9dica preventiva de 30 d\u00edas que puede\nprorrogarse hasta dos veces, la cual cubre a trabajadores dependientes,\nindependientes y funcionarios p\u00fablicos.<\/p>\n\n\n\n<p>El\nproyecto de ampliaci\u00f3n del post natal era rechazado por el Ejecutivo.<\/p>\n\n\n\n<p>Derrota\ndos: el Congreso aprob\u00f3, con una mayor\u00eda de dos tercios en ambas C\u00e1maras, la\nreforma constitucional que permite a los afiliados disponer de hasta un 10% de\nsus fondos en las Administradoras de Fondos de Pensiones para enfrentar la\ncrisis econ\u00f3mica derivada del coronavirus. La iniciativa permite que el monto\nm\u00ednimo a retirar sea de 35 UF (1 mill\u00f3n de pesos) y el monto m\u00e1ximo equivalente\na 150 UF (4,3 millones de pesos aproximadamente).<\/p>\n\n\n\n<p>El\nGobierno y la UDI hab\u00edan anunciado que ir\u00edan al Tribunal Constitucional o\npresentar un veto para impedir que los trabajadores obtuvieran este beneficio,\npero a \u00faltima hora se arrepintieron, porque entendieron que la respuesta de la\nciudadan\u00eda iba a ser dura.<\/p>\n\n\n\n<p>Derrota\ntres: el Congreso rechaz\u00f3 el veto presidencial al proyecto de ley aprobado por\nlos parlamentarios, que&nbsp;<strong>proh\u00edbe\ncortar o suspender los servicios b\u00e1sicos -luz, gas y agua-, al 60% de la\npoblaci\u00f3n m\u00e1s vulnerable<\/strong>&nbsp;durante la crisis sanitaria producto del\ncoronavirus. <\/p>\n\n\n\n<p>El\nproblema para el pa\u00eds es que estas leyes demuestran que no es el Poder\nEjecutivo el que est\u00e1 gobernando, sino el Poder Legislativo.<\/p>\n\n\n\n<p>El\nPresidente y su gabinete han perdido el liderazgo del pa\u00eds, porque siguen\nencerrados creyendo que como ellos tienen asegurados sus trabajos, sus sueldos,\nsu comida, sus casas y todas sus necesidades, se les ocurren iniciativas de\nacuerdo a su realidad. \u00bfLa gente tiene problemas? Crean l\u00edneas de cr\u00e9dito para\nque se endeude.<\/p>\n\n\n\n<p>Los\nparlamentarios, que tambi\u00e9n son gente de la c\u00fapula que vive ajena a la realidad\nde la gente com\u00fan, han entendido esta vez que la mayor\u00eda de los sufridos\nchilenos ya no aguantan las medidas de parche del Gobierno.<\/p>\n\n\n\n<p>\u00bfQu\u00e9\nnos espera con este vac\u00edo de poder creado por el Presidente y sus ministros?<\/p>\n","protected":false},"excerpt":{"rendered":"<p>Las \u00faltimas noticias pol\u00edticas destacan la derrota del Presidente de la Rep\u00fablica ante el Congreso Nacional. Derrota uno: el Congreso aprob\u00f3 la iniciativa presentada por varios parlamentarios que extiende la&#8230; <a class=\"read-more\" href=\"https:\/\/www.radiopresidenteibanez.cl\/web\/quien-es-el-jefe-por-pablo-cruz\/\">Leer m\u00e1s<\/a><\/p>\n","protected":false},"author":2,"featured_media":10716,"comment_status":"closed","ping_status":"closed","sticky":false,"template":"","format":"standard","meta":{"footnotes":""},"categories":[1],"tags":[],"class_list":["post-13633","post","type-post","status-publish","format-standard","has-post-thumbnail","hentry","category-cronica"],"_links":{"self":[{"href":"https:\/\/www.radiopresidenteibanez.cl\/web\/wp-json\/wp\/v2\/posts\/13633","targetHints":{"allow":["GET"]}}],"collection":[{"href":"https:\/\/www.radiopresidenteibanez.cl\/web\/wp-json\/wp\/v2\/posts"}],"about":[{"href":"https:\/\/www.radiopresidenteibanez.cl\/web\/wp-json\/wp\/v2\/types\/post"}],"author":[{"embeddable":true,"href":"https:\/\/www.radiopresidenteibanez.cl\/web\/wp-json\/wp\/v2\/users\/2"}],"replies":[{"embeddable":true,"href":"https:\/\/www.radiopresidenteibanez.cl\/web\/wp-json\/wp\/v2\/comments?post=13633"}],"version-history":[{"count":0,"href":"https:\/\/www.radiopresidenteibanez.cl\/web\/wp-json\/wp\/v2\/posts\/13633\/revisions"}],"wp:featuredmedia":[{"embeddable":true,"href":"https:\/\/www.radiopresidenteibanez.cl\/web\/wp-json\/wp\/v2\/media\/10716"}],"wp:attachment":[{"href":"https:\/\/www.radiopresidenteibanez.cl\/web\/wp-json\/wp\/v2\/media?parent=13633"}],"wp:term":[{"taxonomy":"category","embeddable":true,"href":"https:\/\/www.radiopresidenteibanez.cl\/web\/wp-json\/wp\/v2\/categories?post=13633"},{"taxonomy":"post_tag","embeddable":true,"href":"https:\/\/www.radiopresidenteibanez.cl\/web\/wp-json\/wp\/v2\/tags?post=13633"}],"curies":[{"name":"wp","href":"https:\/\/api.w.org\/{rel}","templated":true}]}}