{"id":13628,"date":"2020-07-26T16:26:55","date_gmt":"2020-07-26T16:26:55","guid":{"rendered":"https:\/\/www.radiopresidenteibanez.cl\/web\/?p=13628"},"modified":"2020-07-26T16:26:59","modified_gmt":"2020-07-26T16:26:59","slug":"pulso-sindical-diario-de-la-c-g-t-chile-20-julio-2020","status":"publish","type":"post","link":"https:\/\/www.radiopresidenteibanez.cl\/web\/pulso-sindical-diario-de-la-c-g-t-chile-20-julio-2020\/","title":{"rendered":"PULSO SINDICAL DIARIO DE LA C.G.T. CHILE 20 JULIO 2020"},"content":{"rendered":"\n<p><strong><em>\u00ab&#8230; Dicen que la patria es un fusil y una bandera, la patria son mis hermanos que est\u00e1n labrando la tierra..\u00bb<\/em><\/strong> &#8212;&#8211; <strong><em>Quilapayun<\/em><\/strong><\/p>\n\n\n\n<figure class=\"wp-block-audio\"><audio controls src=\"https:\/\/www.radiopresidenteibanez.cl\/web\/wp-content\/uploads\/2020\/07\/PULSO-SINDICAL-DIARIO-DE-LA-C.G.T.-CHILE-20-JULIO-2020.ogg\"><\/audio><\/figure>\n\n\n\n<p><strong>1.-\u00a0<\/strong>El sindicato es el instrumento de gesti\u00f3n y acci\u00f3n con el que cuentan los trabajadores para su relaci\u00f3n con la empresa y su trabajo con sus pares fuera de ella.Las leyes establecen condiciones y normas para que se puedan constituir los sindicatos y est\u00e1s, como est\u00e1n hoy en nuestro c\u00f3digo, son limitantes y restrictivas, no solo porque no dan a todos los organizados los mismos deberes y derechos, si no tambi\u00e9n por qu\u00e9 no todos cuentan con las mismas posibilidades para una\u00a0 negociaci\u00f3n colectiva efectiva, que les permita mejorar condiciones econ\u00f3micas y sociales.<\/p>\n\n\n\n<figure class=\"wp-block-image size-large\"><img loading=\"lazy\" decoding=\"async\" width=\"600\" height=\"338\" src=\"https:\/\/www.radiopresidenteibanez.cl\/web\/wp-content\/uploads\/2020\/07\/FOTO-2-1.jpg\" alt=\"\" class=\"wp-image-13631\" srcset=\"https:\/\/www.radiopresidenteibanez.cl\/web\/wp-content\/uploads\/2020\/07\/FOTO-2-1.jpg 600w, https:\/\/www.radiopresidenteibanez.cl\/web\/wp-content\/uploads\/2020\/07\/FOTO-2-1-300x169.jpg 300w\" sizes=\"auto, (max-width: 600px) 100vw, 600px\" \/><\/figure>\n\n\n\n<p><strong>2.-<\/strong>&nbsp;Sin embargo, adem\u00e1s de que el n\u00famero de organizados no llega al 20% &#8211; considerando entre estos a decenas de miles que son solo n\u00fameros para justificar padrones y no&nbsp; trabajadores activos &#8211; muchos son los sindicatos que no siempre parecen tener claro el rol que tienen que jugar en su relaci\u00f3n con la contraparte.Demasiados son los trabajadores que ven a la organizaci\u00f3n como una cuenta de ahorros, que debe restituir por distintas v\u00edas las cuotas mensuales que pagan. No participan de las reuniones ni las actividades a que los convocan y a veces, aunque de mala gana, prefieren pagar las multas que se les aplican antes que ir a las reuniones.&nbsp;<br>En el caso de los dirigentes, tampoco hay mucho inter\u00e9s por participar de las actividades de las organizaciones mayores a las que est\u00e1n incorporados, ni hacen esfuerzos por formarse y capacitarse como tales.No son pocos los sindicatos que solo se activan para la negociaci\u00f3n colectiva y se limitan a mantener beneficios &#8211; a veces muy bajos &#8211; apostando todo a un bono de termino de negociaci\u00f3n.<\/p>\n","protected":false},"excerpt":{"rendered":"<p>\u00ab&#8230; Dicen que la patria es un fusil y una bandera, la patria son mis hermanos que est\u00e1n labrando la tierra..\u00bb &#8212;&#8211; Quilapayun 1.-\u00a0El sindicato es el instrumento de gesti\u00f3n&#8230; <a class=\"read-more\" href=\"https:\/\/www.radiopresidenteibanez.cl\/web\/pulso-sindical-diario-de-la-c-g-t-chile-20-julio-2020\/\">Leer m\u00e1s<\/a><\/p>\n","protected":false},"author":2,"featured_media":13630,"comment_status":"closed","ping_status":"closed","sticky":false,"template":"","format":"standard","meta":{"footnotes":""},"categories":[8,48],"tags":[53,49],"class_list":["post-13628","post","type-post","status-publish","format-standard","has-post-thumbnail","hentry","category-audios","category-pulso-sindical-diario","tag-cgt-chile","tag-pulso-sindical"],"_links":{"self":[{"href":"https:\/\/www.radiopresidenteibanez.cl\/web\/wp-json\/wp\/v2\/posts\/13628","targetHints":{"allow":["GET"]}}],"collection":[{"href":"https:\/\/www.radiopresidenteibanez.cl\/web\/wp-json\/wp\/v2\/posts"}],"about":[{"href":"https:\/\/www.radiopresidenteibanez.cl\/web\/wp-json\/wp\/v2\/types\/post"}],"author":[{"embeddable":true,"href":"https:\/\/www.radiopresidenteibanez.cl\/web\/wp-json\/wp\/v2\/users\/2"}],"replies":[{"embeddable":true,"href":"https:\/\/www.radiopresidenteibanez.cl\/web\/wp-json\/wp\/v2\/comments?post=13628"}],"version-history":[{"count":0,"href":"https:\/\/www.radiopresidenteibanez.cl\/web\/wp-json\/wp\/v2\/posts\/13628\/revisions"}],"wp:featuredmedia":[{"embeddable":true,"href":"https:\/\/www.radiopresidenteibanez.cl\/web\/wp-json\/wp\/v2\/media\/13630"}],"wp:attachment":[{"href":"https:\/\/www.radiopresidenteibanez.cl\/web\/wp-json\/wp\/v2\/media?parent=13628"}],"wp:term":[{"taxonomy":"category","embeddable":true,"href":"https:\/\/www.radiopresidenteibanez.cl\/web\/wp-json\/wp\/v2\/categories?post=13628"},{"taxonomy":"post_tag","embeddable":true,"href":"https:\/\/www.radiopresidenteibanez.cl\/web\/wp-json\/wp\/v2\/tags?post=13628"}],"curies":[{"name":"wp","href":"https:\/\/api.w.org\/{rel}","templated":true}]}}