{"id":13623,"date":"2020-07-25T02:52:54","date_gmt":"2020-07-25T02:52:54","guid":{"rendered":"https:\/\/www.radiopresidenteibanez.cl\/web\/?p=13623"},"modified":"2020-07-25T02:54:59","modified_gmt":"2020-07-25T02:54:59","slug":"pulso-sindical-solicitud-de-servicios-minimos","status":"publish","type":"post","link":"https:\/\/www.radiopresidenteibanez.cl\/web\/pulso-sindical-solicitud-de-servicios-minimos\/","title":{"rendered":"PULSO SINDICAL &#8211; SOLICITUD DE SERVICIOS M\u00cdNIMOS"},"content":{"rendered":"\n<p><strong><em>\u00ab..Por que los pobres no tienen ad\u00f3nde volver la vista, la vuelven hacia los cielos con la esperanza infinita, de encontrar lo que a su hermano en esta vida le quitan..\u00bb\u00a0Violeta Parra<\/em><\/strong><\/p>\n\n\n\n<figure class=\"wp-block-audio\"><audio controls src=\"https:\/\/www.radiopresidenteibanez.cl\/web\/wp-content\/uploads\/2020\/07\/SOLICITUD-SERVICIOS-MINIMOS.ogg\"><\/audio><\/figure>\n\n\n\n<p><strong>1.-&nbsp;<\/strong>&nbsp;Hay algo que a\u00fan no me cuadra en esta discusi\u00f3n sobre el proyecto de ley que permite el retiro del 10% de la AFP, y tengo la impresi\u00f3n&nbsp;que estamos entregando un salvavidas a un mont\u00f3n de sinverg\u00fcenzas, que hasta ahora se han re\u00eddo&nbsp;de todos nuestros derechos, y parece que solo falta llamarles h\u00e9roes.Si ya resulta extra\u00f1o que diputados de derecha apoyen un proyecto de este tipo y con ello vayan en contra de todo su ideario y su gobierno, mayor inquietud debe generar que Moreira y otros senadores de derecha se allanen a lo mismo.Algo se traen entre manos todos estos y no podemos tomarlo con ligereza. Hay que leer sus declaraciones, analizar la letra chica, recordar el actuar que han tenido en todos estos a\u00f1os, ver por ejemplo su actuar en la discusi\u00f3n de todas las leyes laborales, como la jornada de trabajo y la sala cuna para todas las trabajadoras, por mostrar&nbsp; solo 2 de muchos casos que a\u00fan no est\u00e1n finiquitados.&nbsp; &nbsp;\u00bfEstan preocupados del sufrimiento de quienes menos tienen. Lo estuvieron sinceramente alguna vez?&nbsp;\u00bfY si es as\u00ed, porque no han hecho nada en todos estos a\u00f1os para terminar con un sistema previsional que saben injusto, o al menos haber dictado una ley, UNA LEY, que hubiese establecido&nbsp; una pensi\u00f3n m\u00ednima igual a\u00fan ingreso m\u00ednimo, y as\u00ed evitarle el sufrimiento a decenas de miles de pensionados, que mueren de hambre?&nbsp;Sigo creyendo que una correcta propuesta en esta pasada, hubiera sido que TODOS los trabajadores privados de empleo por la ley de suspensi\u00f3n o cesantes desde el estado de cat\u00e1strofe, hubieran podido retirar desde su AFP el equivalente a un sueldo mensual mientras se vuelve a la \u00abnormalidad\u00bb, dejando claro que esos dineros deber\u00edan ser restituidos por los patrones y el Estado.<br>Trabajadores, no vamos a&nbsp; avanzar mucho en nuestra lucha se puedan retirar o no parte de los dineros que tenemos en la AFP. Solo daremos un paso adelante, si nos damos cuenta que somos una fuerza grande que solo requiere de organizarse.<br><\/p>\n\n\n\n<figure class=\"wp-block-image size-large\"><img loading=\"lazy\" decoding=\"async\" width=\"1024\" height=\"768\" src=\"https:\/\/www.radiopresidenteibanez.cl\/web\/wp-content\/uploads\/2020\/07\/marcha-cgt.jpg\" alt=\"\" class=\"wp-image-13624\" srcset=\"https:\/\/www.radiopresidenteibanez.cl\/web\/wp-content\/uploads\/2020\/07\/marcha-cgt.jpg 1024w, https:\/\/www.radiopresidenteibanez.cl\/web\/wp-content\/uploads\/2020\/07\/marcha-cgt-300x225.jpg 300w, https:\/\/www.radiopresidenteibanez.cl\/web\/wp-content\/uploads\/2020\/07\/marcha-cgt-768x576.jpg 768w\" sizes=\"auto, (max-width: 1024px) 100vw, 1024px\" \/><\/figure>\n\n\n\n<p><strong>2.-<\/strong>\u00a0Se avanza, al menos en el discurso, hacia una disminuci\u00f3n de las cuarentenas y el aumento del desconfinamiento, momento entonces para que comencemos\u00a0 a determinar los pasos que vamos a dar, cuando esto finalmente se produzca en todo el pa\u00eds.Es hora de elaborar las cartillas educativas que vamos a repartir a las salidas del Metro, en los terminales de locomocion colectiva, la salida de las empresas y en las calles m\u00e1s concurridas, tomando por cierto todas las medidas de protecci\u00f3n, pero sin dejar a nadie desprovisto de informaci\u00f3n sobre sus derechos y como reclamarlos.Veamos uno.Somos millones los trabajadores que recibimos menos de $500.000 l\u00edquidos de remuneracion, y a quienes se declara y no se paga mensualmente los aportes del seguro de cesant\u00eda y la previsi\u00f3n.<br><strong>3.-\u00a0<\/strong>Como diputados y senadores est\u00e1n tan preocupados por nosotros, demandemos desde ya la presentaci\u00f3n de un proyecto de ley qu nie ponga termino definitivo a la declaraci\u00f3n y no pago, de los dineros que se nos descuentan mes a mes de nuestros sueldos.<\/p>\n\n\n\n<p class=\"has-text-align-center\"><strong>*****Educar &#8211; Organizar &#8211; Luchar<\/strong><br><strong>MANUEL AHUMADA LILLOSecretario C.G.T. CHILE\u00a0<\/strong><\/p>\n","protected":false},"excerpt":{"rendered":"<p>\u00ab..Por que los pobres no tienen ad\u00f3nde volver la vista, la vuelven hacia los cielos con la esperanza infinita, de encontrar lo que a su hermano en esta vida le&#8230; <a class=\"read-more\" href=\"https:\/\/www.radiopresidenteibanez.cl\/web\/pulso-sindical-solicitud-de-servicios-minimos\/\">Leer m\u00e1s<\/a><\/p>\n","protected":false},"author":2,"featured_media":13625,"comment_status":"closed","ping_status":"closed","sticky":false,"template":"","format":"standard","meta":{"footnotes":""},"categories":[8,48],"tags":[49,52],"class_list":["post-13623","post","type-post","status-publish","format-standard","has-post-thumbnail","hentry","category-audios","category-pulso-sindical-diario","tag-pulso-sindical","tag-servicios-minimos"],"_links":{"self":[{"href":"https:\/\/www.radiopresidenteibanez.cl\/web\/wp-json\/wp\/v2\/posts\/13623","targetHints":{"allow":["GET"]}}],"collection":[{"href":"https:\/\/www.radiopresidenteibanez.cl\/web\/wp-json\/wp\/v2\/posts"}],"about":[{"href":"https:\/\/www.radiopresidenteibanez.cl\/web\/wp-json\/wp\/v2\/types\/post"}],"author":[{"embeddable":true,"href":"https:\/\/www.radiopresidenteibanez.cl\/web\/wp-json\/wp\/v2\/users\/2"}],"replies":[{"embeddable":true,"href":"https:\/\/www.radiopresidenteibanez.cl\/web\/wp-json\/wp\/v2\/comments?post=13623"}],"version-history":[{"count":0,"href":"https:\/\/www.radiopresidenteibanez.cl\/web\/wp-json\/wp\/v2\/posts\/13623\/revisions"}],"wp:featuredmedia":[{"embeddable":true,"href":"https:\/\/www.radiopresidenteibanez.cl\/web\/wp-json\/wp\/v2\/media\/13625"}],"wp:attachment":[{"href":"https:\/\/www.radiopresidenteibanez.cl\/web\/wp-json\/wp\/v2\/media?parent=13623"}],"wp:term":[{"taxonomy":"category","embeddable":true,"href":"https:\/\/www.radiopresidenteibanez.cl\/web\/wp-json\/wp\/v2\/categories?post=13623"},{"taxonomy":"post_tag","embeddable":true,"href":"https:\/\/www.radiopresidenteibanez.cl\/web\/wp-json\/wp\/v2\/tags?post=13623"}],"curies":[{"name":"wp","href":"https:\/\/api.w.org\/{rel}","templated":true}]}}