{"id":13609,"date":"2020-07-24T20:29:51","date_gmt":"2020-07-24T20:29:51","guid":{"rendered":"https:\/\/www.radiopresidenteibanez.cl\/web\/?p=13609"},"modified":"2020-07-24T20:29:55","modified_gmt":"2020-07-24T20:29:55","slug":"doctor-lobos-por-ampliacion-de-salidas-para-mayores-de-75-anos-es-un-respiro-importante-para-sus-vidas","status":"publish","type":"post","link":"https:\/\/www.radiopresidenteibanez.cl\/web\/doctor-lobos-por-ampliacion-de-salidas-para-mayores-de-75-anos-es-un-respiro-importante-para-sus-vidas\/","title":{"rendered":"DOCTOR LOBOS POR AMPLIACI\u00d3N DE SALIDAS PARA MAYORES DE 75 A\u00d1OS \u201cES UN RESPIRO IMPORTANTE PARA SUS VIDAS\u201d"},"content":{"rendered":"\n<p>El m\u00e9dico geriatra, Ram\u00f3n Lobos V\u00e1squez, se refiri\u00f3 a la\nampliaci\u00f3n de salidas que tendr\u00e1n los mayores de 75 a\u00f1os a partir de este\ns\u00e1bado, luego que el ministerio de Salud anunciara que este grupo etario podr\u00e1\nsalir de sus casas durante una hora al d\u00eda, bien sea entre las 11 y 12 en la\nma\u00f1ana, o entre las 15 y 16 horas en la tarde.<\/p>\n\n\n\n<p>\u201cEs el necesario paso que necesitaban los adultos mayores.\nSon los que han estado m\u00e1s tiempo confinados, por lo tanto, \u00e9ste es un respiro\nimportante para sus vidas, para rehacer las rutinas de antes de esta pandemia,\npero tambi\u00e9n para recalcar las medidas de protecci\u00f3n que hay que tener para con\nellos por el pr\u00f3ximo tiempo, hasta que no tengamos disponible la vacuna para\ntoda la poblaci\u00f3n\u201d, indic\u00f3 el especialista.<\/p>\n\n\n\n<p>El doctor explic\u00f3 que se trata de un paso que va en\nbeneficio de la salud mental y f\u00edsica de las personas, aunque manifest\u00f3 la\nimportancia de que la familia acompa\u00f1e el proceso. \u201cPor las mismas\ncaracter\u00edsticas que presenta el ser adulto mayor, la capacidad de internalizar\ny aprender nuevas conductas debe ser en forma repetitiva, lenta y progresiva, y\nojal\u00e1 acompa\u00f1ada, raz\u00f3n por la cual este desconfinamiento que est\u00e1 sucediendo\ncon los adultos mayores tiene esas caracter\u00edsticas\u201d, agreg\u00f3.<\/p>\n\n\n\n<p>Lobos reiter\u00f3 la necesidad de insistir en el uso de\nmascarillas y lavado frecuente de manos o uso de alcohol gel, cuando salgan y\nluego de tocar cualquier elemento que pudiera estar contaminado.<\/p>\n\n\n\n<p>Finalmente, el especialista se\u00f1al\u00f3 que esta medida viene a\nhacer justicia con los mayores, ya que ellos han sido los m\u00e1s cumplidores\nrespecto a la cuarentena nacional. \u201cMerecen un trato especial por su excelente\ncomportamiento, pese a los problemas que les ha significado estar tanto tiempo\nen casa\u201d, concluy\u00f3.<\/p>\n","protected":false},"excerpt":{"rendered":"<p>El m\u00e9dico geriatra, Ram\u00f3n Lobos V\u00e1squez, se refiri\u00f3 a la ampliaci\u00f3n de salidas que tendr\u00e1n los mayores de 75 a\u00f1os a partir de este s\u00e1bado, luego que el ministerio de&#8230; <a class=\"read-more\" href=\"https:\/\/www.radiopresidenteibanez.cl\/web\/doctor-lobos-por-ampliacion-de-salidas-para-mayores-de-75-anos-es-un-respiro-importante-para-sus-vidas\/\">Leer m\u00e1s<\/a><\/p>\n","protected":false},"author":2,"featured_media":13610,"comment_status":"closed","ping_status":"closed","sticky":false,"template":"","format":"standard","meta":{"footnotes":""},"categories":[1],"tags":[],"class_list":["post-13609","post","type-post","status-publish","format-standard","has-post-thumbnail","hentry","category-cronica"],"_links":{"self":[{"href":"https:\/\/www.radiopresidenteibanez.cl\/web\/wp-json\/wp\/v2\/posts\/13609","targetHints":{"allow":["GET"]}}],"collection":[{"href":"https:\/\/www.radiopresidenteibanez.cl\/web\/wp-json\/wp\/v2\/posts"}],"about":[{"href":"https:\/\/www.radiopresidenteibanez.cl\/web\/wp-json\/wp\/v2\/types\/post"}],"author":[{"embeddable":true,"href":"https:\/\/www.radiopresidenteibanez.cl\/web\/wp-json\/wp\/v2\/users\/2"}],"replies":[{"embeddable":true,"href":"https:\/\/www.radiopresidenteibanez.cl\/web\/wp-json\/wp\/v2\/comments?post=13609"}],"version-history":[{"count":0,"href":"https:\/\/www.radiopresidenteibanez.cl\/web\/wp-json\/wp\/v2\/posts\/13609\/revisions"}],"wp:featuredmedia":[{"embeddable":true,"href":"https:\/\/www.radiopresidenteibanez.cl\/web\/wp-json\/wp\/v2\/media\/13610"}],"wp:attachment":[{"href":"https:\/\/www.radiopresidenteibanez.cl\/web\/wp-json\/wp\/v2\/media?parent=13609"}],"wp:term":[{"taxonomy":"category","embeddable":true,"href":"https:\/\/www.radiopresidenteibanez.cl\/web\/wp-json\/wp\/v2\/categories?post=13609"},{"taxonomy":"post_tag","embeddable":true,"href":"https:\/\/www.radiopresidenteibanez.cl\/web\/wp-json\/wp\/v2\/tags?post=13609"}],"curies":[{"name":"wp","href":"https:\/\/api.w.org\/{rel}","templated":true}]}}