{"id":13603,"date":"2020-07-24T20:25:34","date_gmt":"2020-07-24T20:25:34","guid":{"rendered":"https:\/\/www.radiopresidenteibanez.cl\/web\/?p=13603"},"modified":"2020-07-24T20:25:37","modified_gmt":"2020-07-24T20:25:37","slug":"seremi-de-desarrollo-social-inaugura-tercer-albergue-en-magallanes-para-personas-en-situacion-de-calle","status":"publish","type":"post","link":"https:\/\/www.radiopresidenteibanez.cl\/web\/seremi-de-desarrollo-social-inaugura-tercer-albergue-en-magallanes-para-personas-en-situacion-de-calle\/","title":{"rendered":"SEREMI DE DESARROLLO SOCIAL INAUGURA TERCER ALBERGUE EN MAGALLANES PARA PERSONAS EN SITUACI\u00d3N DE CALLE"},"content":{"rendered":"\n<p>Luego de las gestiones por parte de la Seremi de Desarrollo Social y Familia para la habilitaci\u00f3n de un tercer albergue transitorio para la Regi\u00f3n de Magallanes y de la Ant\u00e1rtica Chilena, este viernes 24 de julio se concret\u00f3 el anhelado proyecto que beneficiar\u00e1 a 20 mujeres y hombres en situaci\u00f3n de calle.<\/p>\n\n\n\n<p>El nuevo establecimiento se ubica en el inmueble de calle Capit\u00e1n Juan Guillermos 01171 de Punta Arenas, propiedad del Servicio de Vivienda y Urbanizaci\u00f3n (SERVIU) y entregado en comodato a la Corporaci\u00f3n Nacional de Desarrollo Ind\u00edgena &#8211; CONADI.<\/p>\n\n\n\n<p>Mediante una inauguraci\u00f3n que fue presidida por el Intendente Jos\u00e9 Fern\u00e1ndez, la m\u00e1xima autoridad regional se\u00f1al\u00f3 que \u201cdebido a la particular condici\u00f3n meteorol\u00f3gica de Magallanes, es fundamental contar durante los meses m\u00e1s cr\u00edticos con dispositivos de emergencia como este, que no s\u00f3lo se convierten en lugares para pernoctar, sino en espacios donde las personas pueden recibir prestaciones de alimentaci\u00f3n, higiene, abrigo y atenci\u00f3n b\u00e1sica en salud\u201d.<\/p>\n\n\n\n<p>A su vez, la Seremi de Desarrollo Social y Familia, Liz Casanueva, aprovech\u00f3 la instancia de agradecer al Secretario Regional Ministerial de Vivienda y Urbanismo, Jos\u00e9 Miguel Horcos; al Director Regional del SERVIU, Dubalio P\u00e9rez y a la Jefa de Oficina de Asuntos Ind\u00edgenas de CONADI en Punta Arenas, Carolina Avenda\u00f1o, por contribuir en hacer realidad el proyecto.<\/p>\n\n\n\n<p>Tambi\u00e9n destac\u00f3 que la iniciativa simboliza el compromiso del Ministerio con las personas m\u00e1s vulnerables de nuestra sociedad. \u201cPara el mantenimiento de los 3 albergues, el Ministerio de Desarrollo Social y Familia, a trav\u00e9s de su programa Noche Digna, ha dispuesto un total de $191.483.360, considerado el mayor monto anual entregado hasta ahora en Magallanes para los fines de atenci\u00f3n de mujeres y hombres en situaci\u00f3n de calle, en b\u00fasqueda de la protecci\u00f3n de la vida y la superaci\u00f3n de su realidad\u201d, agreg\u00f3.<\/p>\n\n\n\n<p>Al igual que el establecimiento emplazado en dependencias del Complejo Deportivo Fiscal de Punta Arenas, el nuevo albergue ser\u00e1 administrado por la Fundaci\u00f3n para el Desarrollo de Magallanes (FIDE XII), quien asumir\u00e1 en calidad de organismo ejecutor hasta el 30 de diciembre del 2020.<\/p>\n\n\n\n<p>Hay que se\u00f1alar que el dispositivo contar\u00e1 con monitores, un t\u00e9cnico en enfermer\u00eda y dos auxiliares de aseo, equipo que se reforzar\u00e1 con un asistente social.<\/p>\n\n\n\n<p>Otra de las iniciativas en ayuda a las personas en situaci\u00f3n de calle es la ruta Protege Calle, destinada entregar\u00a0alimentos, higiene y abrigo, la que se extender\u00e1 hasta el 11 de noviembre de este a\u00f1o.<\/p>\n","protected":false},"excerpt":{"rendered":"<p>Luego de las gestiones por parte de la Seremi de Desarrollo Social y Familia para la habilitaci\u00f3n de un tercer albergue transitorio para la Regi\u00f3n de Magallanes y de la&#8230; <a class=\"read-more\" href=\"https:\/\/www.radiopresidenteibanez.cl\/web\/seremi-de-desarrollo-social-inaugura-tercer-albergue-en-magallanes-para-personas-en-situacion-de-calle\/\">Leer m\u00e1s<\/a><\/p>\n","protected":false},"author":2,"featured_media":13604,"comment_status":"closed","ping_status":"closed","sticky":false,"template":"","format":"standard","meta":{"footnotes":""},"categories":[1],"tags":[],"class_list":["post-13603","post","type-post","status-publish","format-standard","has-post-thumbnail","hentry","category-cronica"],"_links":{"self":[{"href":"https:\/\/www.radiopresidenteibanez.cl\/web\/wp-json\/wp\/v2\/posts\/13603","targetHints":{"allow":["GET"]}}],"collection":[{"href":"https:\/\/www.radiopresidenteibanez.cl\/web\/wp-json\/wp\/v2\/posts"}],"about":[{"href":"https:\/\/www.radiopresidenteibanez.cl\/web\/wp-json\/wp\/v2\/types\/post"}],"author":[{"embeddable":true,"href":"https:\/\/www.radiopresidenteibanez.cl\/web\/wp-json\/wp\/v2\/users\/2"}],"replies":[{"embeddable":true,"href":"https:\/\/www.radiopresidenteibanez.cl\/web\/wp-json\/wp\/v2\/comments?post=13603"}],"version-history":[{"count":0,"href":"https:\/\/www.radiopresidenteibanez.cl\/web\/wp-json\/wp\/v2\/posts\/13603\/revisions"}],"wp:featuredmedia":[{"embeddable":true,"href":"https:\/\/www.radiopresidenteibanez.cl\/web\/wp-json\/wp\/v2\/media\/13604"}],"wp:attachment":[{"href":"https:\/\/www.radiopresidenteibanez.cl\/web\/wp-json\/wp\/v2\/media?parent=13603"}],"wp:term":[{"taxonomy":"category","embeddable":true,"href":"https:\/\/www.radiopresidenteibanez.cl\/web\/wp-json\/wp\/v2\/categories?post=13603"},{"taxonomy":"post_tag","embeddable":true,"href":"https:\/\/www.radiopresidenteibanez.cl\/web\/wp-json\/wp\/v2\/tags?post=13603"}],"curies":[{"name":"wp","href":"https:\/\/api.w.org\/{rel}","templated":true}]}}