{"id":13600,"date":"2020-07-24T20:23:00","date_gmt":"2020-07-24T20:23:00","guid":{"rendered":"https:\/\/www.radiopresidenteibanez.cl\/web\/?p=13600"},"modified":"2020-07-24T20:23:03","modified_gmt":"2020-07-24T20:23:03","slug":"aguas-magallanes-llama-a-revisar-posibles-fugas-en-edificios-y-oficinas","status":"publish","type":"post","link":"https:\/\/www.radiopresidenteibanez.cl\/web\/aguas-magallanes-llama-a-revisar-posibles-fugas-en-edificios-y-oficinas\/","title":{"rendered":"AGUAS MAGALLANES LLAMA A REVISAR POSIBLES FUGAS EN EDIFICIOS Y OFICINAS"},"content":{"rendered":"\n<p>Esta ma\u00f1ana Aguas Magallanes inform\u00f3 que a esta hora el suministro se encuentra mayormente repuesto en la ciudad de Punta Arenas y se est\u00e1 evaluando el comportamiento de la red. Durante el proceso de llenado de las redes de distribuci\u00f3n podr\u00edan presentarse eventos de turbiedad que debiesen normalizarse luego de algunos minutos.<\/p>\n\n\n\n<p>La empresa inform\u00f3 que durante esta ma\u00f1ana el consumo superaba los 600 litros por segundo (el doble del consumo normal) evidenciando la existencias de una importante cantidad de fugas por roturas de medidores y problemas domiciliarios interiores.<\/p>\n\n\n\n<p>Al respecto, Christian Adema Galetovic, gerente regional de Aguas Magallanes, record\u00f3 la importancia de revisar el estado de las instalaciones en casas deshabitadas, colegios, jardines infantiles y oficinas, entre otros, que actualmente no est\u00e1n funcionando y que pudieran estar afectadas por roturas y filtraciones interiores. \u201cSeguimos realizando un patrullaje en diversos sectores de la ciudad con la finalidad de detectar estos lugares y definiendo la necesidad de realizar nuevos cortes programados\u201d, explic\u00f3 el ejecutivo.<\/p>\n\n\n\n<p>Finalmente Adema Galetovic reiter\u00f3 el llamado a la comunidad para que informen en caso de detectar escurrimientos en calles o v\u00eda p\u00fablica. Para atender esta emergencia adem\u00e1s del call center 612280028 se han habilitado los tel\u00e9fonos 612200750 y 612200952.<\/p>\n","protected":false},"excerpt":{"rendered":"<p>Esta ma\u00f1ana Aguas Magallanes inform\u00f3 que a esta hora el suministro se encuentra mayormente repuesto en la ciudad de Punta Arenas y se est\u00e1 evaluando el comportamiento de la red&#8230;. <a class=\"read-more\" href=\"https:\/\/www.radiopresidenteibanez.cl\/web\/aguas-magallanes-llama-a-revisar-posibles-fugas-en-edificios-y-oficinas\/\">Leer m\u00e1s<\/a><\/p>\n","protected":false},"author":2,"featured_media":13601,"comment_status":"closed","ping_status":"closed","sticky":false,"template":"","format":"standard","meta":{"footnotes":""},"categories":[1],"tags":[],"class_list":["post-13600","post","type-post","status-publish","format-standard","has-post-thumbnail","hentry","category-cronica"],"_links":{"self":[{"href":"https:\/\/www.radiopresidenteibanez.cl\/web\/wp-json\/wp\/v2\/posts\/13600","targetHints":{"allow":["GET"]}}],"collection":[{"href":"https:\/\/www.radiopresidenteibanez.cl\/web\/wp-json\/wp\/v2\/posts"}],"about":[{"href":"https:\/\/www.radiopresidenteibanez.cl\/web\/wp-json\/wp\/v2\/types\/post"}],"author":[{"embeddable":true,"href":"https:\/\/www.radiopresidenteibanez.cl\/web\/wp-json\/wp\/v2\/users\/2"}],"replies":[{"embeddable":true,"href":"https:\/\/www.radiopresidenteibanez.cl\/web\/wp-json\/wp\/v2\/comments?post=13600"}],"version-history":[{"count":0,"href":"https:\/\/www.radiopresidenteibanez.cl\/web\/wp-json\/wp\/v2\/posts\/13600\/revisions"}],"wp:featuredmedia":[{"embeddable":true,"href":"https:\/\/www.radiopresidenteibanez.cl\/web\/wp-json\/wp\/v2\/media\/13601"}],"wp:attachment":[{"href":"https:\/\/www.radiopresidenteibanez.cl\/web\/wp-json\/wp\/v2\/media?parent=13600"}],"wp:term":[{"taxonomy":"category","embeddable":true,"href":"https:\/\/www.radiopresidenteibanez.cl\/web\/wp-json\/wp\/v2\/categories?post=13600"},{"taxonomy":"post_tag","embeddable":true,"href":"https:\/\/www.radiopresidenteibanez.cl\/web\/wp-json\/wp\/v2\/tags?post=13600"}],"curies":[{"name":"wp","href":"https:\/\/api.w.org\/{rel}","templated":true}]}}