{"id":13597,"date":"2020-07-24T20:21:16","date_gmt":"2020-07-24T20:21:16","guid":{"rendered":"https:\/\/www.radiopresidenteibanez.cl\/web\/?p=13597"},"modified":"2020-07-24T20:21:21","modified_gmt":"2020-07-24T20:21:21","slug":"fallece-ex-periodista-de-la-prensa-austral-andres-vidal","status":"publish","type":"post","link":"https:\/\/www.radiopresidenteibanez.cl\/web\/fallece-ex-periodista-de-la-prensa-austral-andres-vidal\/","title":{"rendered":"FALLECE EX PERIODISTA DE LA PRENSA AUSTRAL, ANDR\u00c9S VIDAL"},"content":{"rendered":"\n<p>Anoche falleci\u00f3 en Concepci\u00f3n el periodista Andr\u00e9s Vidal de la Jara, quien desde fines de 1984 hasta mediados de los a\u00f1os 90 se desempe\u00f1\u00f3 en el diario La Prensa Austral. Primero como jefe de Deportes y luego como periodista de cr\u00f3nica.<\/p>\n\n\n\n<p>Andr\u00e9s Vidal se caracteriz\u00f3 por una escritura r\u00e1pida, salpicada de an\u00e9cdotas y de extrema rigurosidad frente a cada hecho noticioso.<\/p>\n\n\n\n<p>Estaba casado con la &nbsp;periodista Pilar Espinosa, ex corresponsal del diario El Mercurio en Magallanes entre los a\u00f1os 1990 y 1995.<\/p>\n\n\n\n<p>Andr\u00e9s Vidal regres\u00f3 a Concepci\u00f3n en 1995 y all\u00e1 trabaj\u00f3 en radio Biob\u00edo, pero tambi\u00e9n en Comunicaciones de la Intendencia de dicha regi\u00f3n cuando el intendente era Martin Zilic.<\/p>\n\n\n\n<p>Tras estudiar en la Universidad de Concepci\u00f3n la carrera de periodismo en los a\u00f1os 60, Andr\u00e9s Vidal trabaj\u00f3 en el diario El Sur y tambi\u00e9n en el diario Austral de Temuco.<\/p>\n\n\n\n<p>Cuando se desempe\u00f1\u00f3 como jefe de Deportes en La Prensa Austral cubri\u00f3 una final del campeonato de f\u00fatbol en el barrio 18 de Septiembre entre los equipos del Presidente Ib\u00e1\u00f1ez y Chile Austral ante un p\u00fablico que cop\u00f3 todas las instalaciones. Al d\u00eda siguiente en la cr\u00f3nica deportiva Andr\u00e9s Vidal escribi\u00f3 que le hab\u00eda parecido estar en la m\u00edtica Bombonera de Buenos Aires. Desde ese \u00e9poca \u00e9l comenz\u00f3 a denominar la cancha del barrio 18 como la bombonera.<\/p>\n\n\n\n<p>Tras su alejamiento de Punta Arenas viaj\u00f3 muchas veces a Punta Arenas para compartir con los amigos que conoci\u00f3 en sus a\u00f1os de residencia. Siempre amante del buen humor y de la gastronom\u00eda magall\u00e1nica, pero principalmente le gustaba transmitir alegr\u00eda en cada conversaci\u00f3 y recuerdo.<\/p>\n\n\n\n<p>En su \u00faltima visita, en septiembre de 2016, comparti\u00f3 incluso con los amigos de la radio Presidente Ib\u00e1\u00f1ez.<\/p>\n\n\n\n<p>Descansa en paz querido Andr\u00e9s.<\/p>\n","protected":false},"excerpt":{"rendered":"<p>Anoche falleci\u00f3 en Concepci\u00f3n el periodista Andr\u00e9s Vidal de la Jara, quien desde fines de 1984 hasta mediados de los a\u00f1os 90 se desempe\u00f1\u00f3 en el diario La Prensa Austral&#8230;. <a class=\"read-more\" href=\"https:\/\/www.radiopresidenteibanez.cl\/web\/fallece-ex-periodista-de-la-prensa-austral-andres-vidal\/\">Leer m\u00e1s<\/a><\/p>\n","protected":false},"author":2,"featured_media":13598,"comment_status":"closed","ping_status":"closed","sticky":false,"template":"","format":"standard","meta":{"footnotes":""},"categories":[1],"tags":[],"class_list":["post-13597","post","type-post","status-publish","format-standard","has-post-thumbnail","hentry","category-cronica"],"_links":{"self":[{"href":"https:\/\/www.radiopresidenteibanez.cl\/web\/wp-json\/wp\/v2\/posts\/13597","targetHints":{"allow":["GET"]}}],"collection":[{"href":"https:\/\/www.radiopresidenteibanez.cl\/web\/wp-json\/wp\/v2\/posts"}],"about":[{"href":"https:\/\/www.radiopresidenteibanez.cl\/web\/wp-json\/wp\/v2\/types\/post"}],"author":[{"embeddable":true,"href":"https:\/\/www.radiopresidenteibanez.cl\/web\/wp-json\/wp\/v2\/users\/2"}],"replies":[{"embeddable":true,"href":"https:\/\/www.radiopresidenteibanez.cl\/web\/wp-json\/wp\/v2\/comments?post=13597"}],"version-history":[{"count":0,"href":"https:\/\/www.radiopresidenteibanez.cl\/web\/wp-json\/wp\/v2\/posts\/13597\/revisions"}],"wp:featuredmedia":[{"embeddable":true,"href":"https:\/\/www.radiopresidenteibanez.cl\/web\/wp-json\/wp\/v2\/media\/13598"}],"wp:attachment":[{"href":"https:\/\/www.radiopresidenteibanez.cl\/web\/wp-json\/wp\/v2\/media?parent=13597"}],"wp:term":[{"taxonomy":"category","embeddable":true,"href":"https:\/\/www.radiopresidenteibanez.cl\/web\/wp-json\/wp\/v2\/categories?post=13597"},{"taxonomy":"post_tag","embeddable":true,"href":"https:\/\/www.radiopresidenteibanez.cl\/web\/wp-json\/wp\/v2\/tags?post=13597"}],"curies":[{"name":"wp","href":"https:\/\/api.w.org\/{rel}","templated":true}]}}