{"id":13593,"date":"2020-07-24T13:06:41","date_gmt":"2020-07-24T13:06:41","guid":{"rendered":"https:\/\/www.radiopresidenteibanez.cl\/web\/?p=13593"},"modified":"2020-07-24T13:06:44","modified_gmt":"2020-07-24T13:06:44","slug":"culmino-preparacion-de-juicio-oral-por-incendio-en-afp-habitat","status":"publish","type":"post","link":"https:\/\/www.radiopresidenteibanez.cl\/web\/culmino-preparacion-de-juicio-oral-por-incendio-en-afp-habitat\/","title":{"rendered":"CULMIN\u00d3 PREPARACI\u00d3N DE JUICIO ORAL POR INCENDIO EN AFP H\u00c1BITAT"},"content":{"rendered":"\n<p>Marcelo Mandujano Salas, enfrent\u00f3 durante dos d\u00edas, la\naudiencia de preparaci\u00f3n que tuvo como finalidad presentar y fijar las pruebas\nque tanto la Fiscal\u00eda como su Defensa presentar\u00e1n en el juicio oral pr\u00f3ximo a\nfijarse por los delitos de&nbsp; graves\ndes\u00f3rdenes p\u00fablicos e incendio de la AFP H\u00e1bitat.<\/p>\n\n\n\n<p>Cabe recordar que el hecho se produjo en noviembre del a\u00f1o\npasado,&nbsp; en circunstancias de\nmanifestaciones y graves alteraciones del orden p\u00fablico, principalmente en la\nzona centro de Punta Arenas, donde se hab\u00eda interpuesto en varios cruces de\narterias barricadas incendiarias con el fin de evitar la libre de circulaci\u00f3n\nde los veh\u00edculos.<\/p>\n\n\n\n<p>De acuerdo a la acusaci\u00f3n del persecutor Felipe Aguirre,\nFiscal Jefe de la Unidad de An\u00e1lisis Criminal y Focos Investigativos, los hechos\nse perpetraron pasadas las 21&nbsp; horas del\n12 de noviembre, cuando Mandujano Salas en compa\u00f1\u00eda de otros dos sujetos, se\nencontraban en las inmediaciones de la AFP H\u00e1bitat, ubicada en Avenida Col\u00f3n\n798 esquina con calle Magallanes, lugar en el cual Mandujano forz\u00f3 las\nprotecciones met\u00e1licas que se hab\u00edan instalado por la v\u00edctima luego de haber\nsido atacada d\u00edas antes, las que cubr\u00edan toda su estructura y espec\u00edficamente\nen la zona de acceso, dobl\u00e1ndolas e ingresando al interior del edificio para\nluego alimentar la barricada incendiaria que se ubicaba frente al recinto, en\nla v\u00eda p\u00fablica, tirando cosas y mobiliarios para provocar des\u00f3rdenes y fuego,\npermitiendo luego el ingreso de personas las cuales&nbsp; siguieron sacando distintos tipo de especies\npara mantener el fuego, coordinando Mandujano las acciones con gestos.<\/p>\n\n\n\n<p>Posteriormente, acompa\u00f1ado de otras personas, el acusado se\ndirigi\u00f3&nbsp; a la barricada retirando una\nplancha ardiendo para llevarla al acceso de la AFP, arrastr\u00e1ndola y entre todos\ningres\u00e1ndola al interior del edificio con la intenci\u00f3n de incendiarlo,\nuni\u00e9ndose posteriormente al grupo mayor de personas que grababan con sus\ncelulares , vitorean y celebran la acci\u00f3n, comenzando ya a salir humo desde el\ninterior del edificio, lo que deriv\u00f3 en un incendio&nbsp; con da\u00f1os totales.<\/p>\n","protected":false},"excerpt":{"rendered":"<p>Marcelo Mandujano Salas, enfrent\u00f3 durante dos d\u00edas, la audiencia de preparaci\u00f3n que tuvo como finalidad presentar y fijar las pruebas que tanto la Fiscal\u00eda como su Defensa presentar\u00e1n en el&#8230; <a class=\"read-more\" href=\"https:\/\/www.radiopresidenteibanez.cl\/web\/culmino-preparacion-de-juicio-oral-por-incendio-en-afp-habitat\/\">Leer m\u00e1s<\/a><\/p>\n","protected":false},"author":2,"featured_media":740,"comment_status":"closed","ping_status":"closed","sticky":false,"template":"","format":"standard","meta":{"footnotes":""},"categories":[1],"tags":[],"class_list":["post-13593","post","type-post","status-publish","format-standard","has-post-thumbnail","hentry","category-cronica"],"_links":{"self":[{"href":"https:\/\/www.radiopresidenteibanez.cl\/web\/wp-json\/wp\/v2\/posts\/13593","targetHints":{"allow":["GET"]}}],"collection":[{"href":"https:\/\/www.radiopresidenteibanez.cl\/web\/wp-json\/wp\/v2\/posts"}],"about":[{"href":"https:\/\/www.radiopresidenteibanez.cl\/web\/wp-json\/wp\/v2\/types\/post"}],"author":[{"embeddable":true,"href":"https:\/\/www.radiopresidenteibanez.cl\/web\/wp-json\/wp\/v2\/users\/2"}],"replies":[{"embeddable":true,"href":"https:\/\/www.radiopresidenteibanez.cl\/web\/wp-json\/wp\/v2\/comments?post=13593"}],"version-history":[{"count":0,"href":"https:\/\/www.radiopresidenteibanez.cl\/web\/wp-json\/wp\/v2\/posts\/13593\/revisions"}],"wp:featuredmedia":[{"embeddable":true,"href":"https:\/\/www.radiopresidenteibanez.cl\/web\/wp-json\/wp\/v2\/media\/740"}],"wp:attachment":[{"href":"https:\/\/www.radiopresidenteibanez.cl\/web\/wp-json\/wp\/v2\/media?parent=13593"}],"wp:term":[{"taxonomy":"category","embeddable":true,"href":"https:\/\/www.radiopresidenteibanez.cl\/web\/wp-json\/wp\/v2\/categories?post=13593"},{"taxonomy":"post_tag","embeddable":true,"href":"https:\/\/www.radiopresidenteibanez.cl\/web\/wp-json\/wp\/v2\/tags?post=13593"}],"curies":[{"name":"wp","href":"https:\/\/api.w.org\/{rel}","templated":true}]}}