{"id":13590,"date":"2020-07-24T13:04:07","date_gmt":"2020-07-24T13:04:07","guid":{"rendered":"https:\/\/www.radiopresidenteibanez.cl\/web\/?p=13590"},"modified":"2020-07-24T13:04:11","modified_gmt":"2020-07-24T13:04:11","slug":"ley-crianza-protegida-beneficiara-a-mas-de-400-padres-y-madres-con-postnatal-vencido","status":"publish","type":"post","link":"https:\/\/www.radiopresidenteibanez.cl\/web\/ley-crianza-protegida-beneficiara-a-mas-de-400-padres-y-madres-con-postnatal-vencido\/","title":{"rendered":"LEY \u201cCRIANZA PROTEGIDA\u201d BENEFICIAR\u00c1 A M\u00c1S DE 400 PADRES Y MADRES CON POSTNATAL VENCIDO"},"content":{"rendered":"\n<p>Tras la\npromulgaci\u00f3n de la llamada ley de \u201cCrianza Protegida\u201d realizada por el Presidente\nSebasti\u00e1n Pi\u00f1era esta ma\u00f1ana, las autoridades regionales encabezadas por el\nIntendente de Magallanes, Jos\u00e9 Fern\u00e1ndez D\u00fcbrock, dieron a conocer la cantidad\nde potenciales beneficiarios que tendr\u00e1 esta normativa a nivel regional, fruto\nde un importante acuerdo transversal logrado por el Gobierno y los partidos\npol\u00edticos de oficialismo y oposici\u00f3n.<\/p>\n\n\n\n<p>As\u00ed,\nseg\u00fan los datos informados, en Magallanes ser\u00e1n m\u00e1s de 6.400 los padres, madres\ny cuidadores de ni\u00f1os menores de siete a\u00f1os que podr\u00edan ser beneficiados con\nesta normativa en la regi\u00f3n. De ellos, un total de 414 corresponde a\nbeneficiarios del postnatal parental vencido a partir del 18 de marzo pasado, a\nlos cuales se suman 6.003 padres o cuidadores con ni\u00f1os entre 1 y 7 a\u00f1os de\nedad.<\/p>\n\n\n\n<p>En\npalabras de la primera autoridad regional, \u201choy, el Presidente Sebasti\u00e1n Pi\u00f1era\npromulg\u00f3 la Ley de Crianza Protegida, un proyecto que es fruto de un gran\nacuerdo pol\u00edtico y parlamentario transversal que beneficiar\u00e1, a nivel nacional,\na m\u00e1s de 850 mil madres, padres y cuidadores de ni\u00f1os y ni\u00f1as que les permitir\u00e1\nquedarse en sus hogares para cuidarlos durante la pandemia\u201d<\/p>\n\n\n\n<p>\u201cSe\ntrata de una iniciativa universal porque beneficia a trabajadores dependientes,\nindependientes y funcionarios p\u00fablicos de nuestro pa\u00eds, fomentando la\ncorresponsabilidad, ya que pueden acceder a ella padres y madres que hayan\nhecho uso del permiso postnatal parental de manera voluntaria a la que el\nempleador no podr\u00e1 negarse\u201d, a\u00f1adi\u00f3 Fern\u00e1ndez.<\/p>\n\n\n\n<p>Al\nrespecto, la seremi de Gobierno, Alejandra Mu\u00f1oz se\u00f1al\u00f3 que \u201cel gobierno\nsiempre ha estado preocupado de las familias, de la crianza y del bienestar de\nlos ni\u00f1os y ni\u00f1as, por eso en esta crisis sanitaria se trabaj\u00f3 en este proyecto\nde Crianza Protegida. Hoy estamos orgullosos de la promulgaci\u00f3n de esta Ley que\nva en sinton\u00eda con los padres y madres de nuestro pa\u00eds, porque entendemos que\nes un alivio para las familias que no tienen alternativas de cuidado para sus\nhijos, al no contar con una red de apoyo. Sabemos que cada familia intenta\nenfrentar esta situaci\u00f3n de la mejor manera, por eso esta es una se\u00f1al de\nempat\u00eda con quienes viven momentos complejos\u201d.<\/p>\n\n\n\n<p>Por\n\u00faltimo, la Seremi del Trabajo, Victoria Cort\u00e9s Schiattino, explic\u00f3 brevemente\nla nueva ley que \u201cestablece dos beneficios dirigidos a dos grupos diferentes.\nPor un lado, la licencia m\u00e9dica preventiva parental para trabajadoras y\ntrabajadores que hicieron uso del permiso postnatal parental con t\u00e9rmino desde\nel 18 de marzo y hasta el final del estado de cat\u00e1strofe y que, en Magallanes,\nse estima, son 414 personas, la cual dar\u00e1 derecho al pago de un subsidio\nequivalente al monto que se recibi\u00f3 durante el permiso de postnatal regular de\ncargo de la respectiva Isapre o Fonasa, seg\u00fan corresponda\u201d.<\/p>\n\n\n\n<p>\u201cPor\notro lado, se entrega el derecho a todo padre, madre o cuidador de ni\u00f1os y\nni\u00f1as nacidos desde el a\u00f1o 2013, afiliados al Seguro de Desempleo, quien podr\u00e1\nsolicitar unilateralmente la suspensi\u00f3n del contrato de trabajo, recibiendo as\u00ed\nlos beneficios y prestaciones de la ley de protecci\u00f3n del empleo y que, en la\nregi\u00f3n, se estima, podr\u00edan ser m\u00e1s de 6 mil los potenciales beneficiarios, con\nlo cual se cubre una necesidad urgente de miles de madres y padres en nuestra\nregi\u00f3n y pa\u00eds\u201d, acot\u00f3 la secretaria regional del Trabajo.<\/p>\n\n\n\n<p>A nivel\nnacional, los beneficiarios de la ley podr\u00edan alcanzar las 850 mil familias\nque, potencialmente, se acoger\u00e1n a esta normativa para seguir otorgando el\ncuidado respectivo a los ni\u00f1os menores de siete a\u00f1os.&nbsp; <\/p>\n","protected":false},"excerpt":{"rendered":"<p>Tras la promulgaci\u00f3n de la llamada ley de \u201cCrianza Protegida\u201d realizada por el Presidente Sebasti\u00e1n Pi\u00f1era esta ma\u00f1ana, las autoridades regionales encabezadas por el Intendente de Magallanes, Jos\u00e9 Fern\u00e1ndez D\u00fcbrock,&#8230; <a class=\"read-more\" href=\"https:\/\/www.radiopresidenteibanez.cl\/web\/ley-crianza-protegida-beneficiara-a-mas-de-400-padres-y-madres-con-postnatal-vencido\/\">Leer m\u00e1s<\/a><\/p>\n","protected":false},"author":2,"featured_media":13591,"comment_status":"closed","ping_status":"closed","sticky":false,"template":"","format":"standard","meta":{"footnotes":""},"categories":[1],"tags":[],"class_list":["post-13590","post","type-post","status-publish","format-standard","has-post-thumbnail","hentry","category-cronica"],"_links":{"self":[{"href":"https:\/\/www.radiopresidenteibanez.cl\/web\/wp-json\/wp\/v2\/posts\/13590","targetHints":{"allow":["GET"]}}],"collection":[{"href":"https:\/\/www.radiopresidenteibanez.cl\/web\/wp-json\/wp\/v2\/posts"}],"about":[{"href":"https:\/\/www.radiopresidenteibanez.cl\/web\/wp-json\/wp\/v2\/types\/post"}],"author":[{"embeddable":true,"href":"https:\/\/www.radiopresidenteibanez.cl\/web\/wp-json\/wp\/v2\/users\/2"}],"replies":[{"embeddable":true,"href":"https:\/\/www.radiopresidenteibanez.cl\/web\/wp-json\/wp\/v2\/comments?post=13590"}],"version-history":[{"count":0,"href":"https:\/\/www.radiopresidenteibanez.cl\/web\/wp-json\/wp\/v2\/posts\/13590\/revisions"}],"wp:featuredmedia":[{"embeddable":true,"href":"https:\/\/www.radiopresidenteibanez.cl\/web\/wp-json\/wp\/v2\/media\/13591"}],"wp:attachment":[{"href":"https:\/\/www.radiopresidenteibanez.cl\/web\/wp-json\/wp\/v2\/media?parent=13590"}],"wp:term":[{"taxonomy":"category","embeddable":true,"href":"https:\/\/www.radiopresidenteibanez.cl\/web\/wp-json\/wp\/v2\/categories?post=13590"},{"taxonomy":"post_tag","embeddable":true,"href":"https:\/\/www.radiopresidenteibanez.cl\/web\/wp-json\/wp\/v2\/tags?post=13590"}],"curies":[{"name":"wp","href":"https:\/\/api.w.org\/{rel}","templated":true}]}}