{"id":13587,"date":"2020-07-24T13:01:51","date_gmt":"2020-07-24T13:01:51","guid":{"rendered":"https:\/\/www.radiopresidenteibanez.cl\/web\/?p=13587"},"modified":"2020-07-24T13:01:54","modified_gmt":"2020-07-24T13:01:54","slug":"vecinas-de-puerto-natales-confeccionan-300-mascarillas-para-apoyar-a-adultos-mayores-y-personas-en-situacion-de-vulnerabilidad","status":"publish","type":"post","link":"https:\/\/www.radiopresidenteibanez.cl\/web\/vecinas-de-puerto-natales-confeccionan-300-mascarillas-para-apoyar-a-adultos-mayores-y-personas-en-situacion-de-vulnerabilidad\/","title":{"rendered":"VECINAS DE PUERTO NATALES CONFECCIONAN 300 MASCARILLAS PARA APOYAR A ADULTOS MAYORES Y PERSONAS EN SITUACI\u00d3N DE VULNERABILIDAD"},"content":{"rendered":"\n<p>Despu\u00e9s de dos meses de trabajo y en el\nmarco del Plan de gesti\u00f3n social del Programa Quiero Mi Barrio del Ministerio\nde Vivienda y Urbanismo, que es ejecutado en alianza con la Ilustre\nMunicipalidad de Natales, finaliz\u00f3 la campa\u00f1a de fabricaci\u00f3n de mascarillas\nconfeccionadas por los propios vecinos.<\/p>\n\n\n\n<p>La acci\u00f3n fue posible gracias a la entrega\nde materiales por parte de la Secretar\u00eda Regional Ministerial de la cartera y\nla Unidad de Gesti\u00f3n Territorial del Municipio.<\/p>\n\n\n\n<p>Al alero de dicha campa\u00f1a, el alcalde de\nNatales, Fernando Paredes Mansilla, valor\u00f3 y destac\u00f3 la importante labor que\nejecutaron los vecinos durante dos meses de trabajo, inform\u00f3 que \u201cestos son\ngestos muy sencillos pero muy significativos, Do\u00f1a Mar\u00eda y Do\u00f1a Nora han\ntrabajado con otras vecinas para confeccionar 300 mascarillas, aqu\u00ed han\ndedicado mucho tiempo y eso es lo que yo quiero valorar, en donde ellos dedican\nsu tiempo al servicio de sus vecinos\u201d. <\/p>\n\n\n\n<p>Este trabajo silencioso, pero inmensamente\nhumano, fue realizado por las vecinas Nora Haro y Candelaria C\u00e1rdenas de la\nPoblaci\u00f3n Estadio y Mar\u00eda \u00c1guila del barrio Natales Antiguo, entre otras\nvecinas que se incorporaron a la iniciativa.<\/p>\n\n\n\n<p>Por este motivo, el Seremi de Vivienda y\nUrbanismo, Jos\u00e9 Miguel Horcos, a trav\u00e9s de un mensaje de saludo digital,\nfelicit\u00f3 el compromiso que mostraron las vecinas integrantes del programa\nQuiero Mi Barrio de Natales, expres\u00f3 que \u201cEstamos muy agradecidos de los\nvecinos y vecinas de Natales Antiguo, Poblaci\u00f3n Estadio, por cuanto desde hace\nun tiempo atr\u00e1s hicimos una alianza con ellos para confeccionar mascarillas\npara sean entregadas en forma gratuita a los vecinos. Este es un programa que\nestamos haciendo como MINVU a trav\u00e9s del Programa Quiero Mi Barrio en\ncoordinaci\u00f3n con la Municipalidad de Natales y la alianza y trabajo voluntario\nde cada uno de los vecinos para poder entregar este elemento important\u00edsimo y\ncuidarnos entre todos por el Covid 19\u201d.<\/p>\n\n\n\n<p>El programa Quiero Mi Barrio del Ministerio\nde Vivienda y Urbanismo tiene como principal objetivo mejorar la calidad de\nvida de las personas a trav\u00e9s de procesos participativos entre el municipio y\nla propia comunidad. Cada una de las iniciativas va enmarcada en el desarrollo\ndel mejoramiento barrial, como la identidad, seguridad y medioambiente. <\/p>\n\n\n\n<p>Precisamente, sobre este particular la\nm\u00e1xima autoridad comunal reforz\u00f3 que \u201cen un momento tan especial como en una\nemergencia sanitaria donde todos necesitamos cuidarnos, hoy d\u00eda aflora este\nsentido social que tienen los vecinos con ellos mismos. Ac\u00e1 se est\u00e1 mostrando\nsimplemente otro \u00e1ngulo del trabajo que ejecuta el programa \u201cQuiero Mi Barrio\u201d\nque va m\u00e1s all\u00e1 de una obra, sino m\u00e1s bien muestra el compromiso de las vecinas\ny que al final del d\u00eda alegran el alma\u201d.<\/p>\n","protected":false},"excerpt":{"rendered":"<p>Despu\u00e9s de dos meses de trabajo y en el marco del Plan de gesti\u00f3n social del Programa Quiero Mi Barrio del Ministerio de Vivienda y Urbanismo, que es ejecutado en&#8230; <a class=\"read-more\" href=\"https:\/\/www.radiopresidenteibanez.cl\/web\/vecinas-de-puerto-natales-confeccionan-300-mascarillas-para-apoyar-a-adultos-mayores-y-personas-en-situacion-de-vulnerabilidad\/\">Leer m\u00e1s<\/a><\/p>\n","protected":false},"author":2,"featured_media":13588,"comment_status":"closed","ping_status":"closed","sticky":false,"template":"","format":"standard","meta":{"footnotes":""},"categories":[1],"tags":[],"class_list":["post-13587","post","type-post","status-publish","format-standard","has-post-thumbnail","hentry","category-cronica"],"_links":{"self":[{"href":"https:\/\/www.radiopresidenteibanez.cl\/web\/wp-json\/wp\/v2\/posts\/13587","targetHints":{"allow":["GET"]}}],"collection":[{"href":"https:\/\/www.radiopresidenteibanez.cl\/web\/wp-json\/wp\/v2\/posts"}],"about":[{"href":"https:\/\/www.radiopresidenteibanez.cl\/web\/wp-json\/wp\/v2\/types\/post"}],"author":[{"embeddable":true,"href":"https:\/\/www.radiopresidenteibanez.cl\/web\/wp-json\/wp\/v2\/users\/2"}],"replies":[{"embeddable":true,"href":"https:\/\/www.radiopresidenteibanez.cl\/web\/wp-json\/wp\/v2\/comments?post=13587"}],"version-history":[{"count":0,"href":"https:\/\/www.radiopresidenteibanez.cl\/web\/wp-json\/wp\/v2\/posts\/13587\/revisions"}],"wp:featuredmedia":[{"embeddable":true,"href":"https:\/\/www.radiopresidenteibanez.cl\/web\/wp-json\/wp\/v2\/media\/13588"}],"wp:attachment":[{"href":"https:\/\/www.radiopresidenteibanez.cl\/web\/wp-json\/wp\/v2\/media?parent=13587"}],"wp:term":[{"taxonomy":"category","embeddable":true,"href":"https:\/\/www.radiopresidenteibanez.cl\/web\/wp-json\/wp\/v2\/categories?post=13587"},{"taxonomy":"post_tag","embeddable":true,"href":"https:\/\/www.radiopresidenteibanez.cl\/web\/wp-json\/wp\/v2\/tags?post=13587"}],"curies":[{"name":"wp","href":"https:\/\/api.w.org\/{rel}","templated":true}]}}