{"id":13581,"date":"2020-07-24T12:54:18","date_gmt":"2020-07-24T12:54:18","guid":{"rendered":"https:\/\/www.radiopresidenteibanez.cl\/web\/?p=13581"},"modified":"2020-07-24T12:54:23","modified_gmt":"2020-07-24T12:54:23","slug":"core-aprobo-recursos-para-mejoramiento-de-calle-enrique-abello-y-reposicion-de-veredas-en-la-poblacion-18-de-septiembre-punta-arenas","status":"publish","type":"post","link":"https:\/\/www.radiopresidenteibanez.cl\/web\/core-aprobo-recursos-para-mejoramiento-de-calle-enrique-abello-y-reposicion-de-veredas-en-la-poblacion-18-de-septiembre-punta-arenas\/","title":{"rendered":"CORE APROB\u00d3 RECURSOS PARA MEJORAMIENTO DE CALLE ENRIQUE ABELLO Y REPOSICI\u00d3N DE VEREDAS EN LA POBLACI\u00d3N 18 DE SEPTIEMBRE PUNTA ARENAS"},"content":{"rendered":"\n<p>Por unanimidad el Consejo\nRegional de Magallanes y de la Ant\u00e1rtica Chilena aprob\u00f3 este mi\u00e9rcoles importantes\nrecursos provenientes de los fondos FNDR 2020 para dos proyectos que mejorar\u00e1n\nla infraestructura vial y urbana en Punta Arenas. Se trata del \u201cMejoramiento\ncalle Enrique Abello\u201d para el cual fueron sancionados 2.837 millones 626 mil\npesos y la \u201cReposici\u00f3n de veredas en la Poblaci\u00f3n 18 de Septiembre\u201d para el que\nser\u00e1n destinados 1.680 millones 752 mil pesos.<\/p>\n\n\n\n<p>Los consejeros regionales coincidieron\nal destacar la importancia de ambas obras, no obstante tambi\u00e9n fueron enf\u00e1ticos\nal manifestar su preocupaci\u00f3n ante la falta de consenso y programaci\u00f3n en los\nproyectos que llegan a la mesa del CORE y&nbsp;&nbsp;\nefectuaron un llamado a las unidades ejecutoras, en este caso Minvu\nMagallanes y el municipio de Punta Arenas, a fin de efectuar un trabajo\nconjunto y anticipado que permita priorizar e incorporar las mejoras sugeridas\na las iniciativas.&nbsp; Asimismo plantearon a\ntrav\u00e9s de una de las mociones \u201cSe sugiere a la primera autoridad regional, iniciar\ncon prontitud la discusi\u00f3n de una adenda al Convenio de Programaci\u00f3n entre el\nMinisterio de Vivienda y Urbanismo y el Gobierno Regional 2015-2020 con el\nprop\u00f3sito de establecer un nuevo per\u00edodo de vigencia y comprometer mayores\nrecursos del sector en nuestra regi\u00f3n\u201d.<\/p>\n\n\n\n<p>Seg\u00fan inform\u00f3 el presidente\ndel CORE, Alejandro Kusanovic, la ejecuci\u00f3n del proyecto vial calle Enrique\nAbello, permitir\u00e1 dar continuidad y soluci\u00f3n al problema de desplazamiento en\nun sector en el cual adem\u00e1s se emplazar\u00e1n nuevos proyectos habitacionales que\nhan sido aprobadas por el CORE, \u201cel mejoramiento de esta calle ser\u00e1 una gran\nayuda para todas las poblaciones que se est\u00e1n generando y tambi\u00e9n permitir\u00e1 la\nconectividad e ingreso por el sector norte de la ciudad. Es un tremendo aporte\npara los habitantes de Punta Arenas\u201d, afirm\u00f3. <\/p>\n\n\n\n<p>Asimismo el consejero, Antonio\nBradasic, expres\u00f3 \u201ces una obra oportuna para el desarrollo urbano de un sector\nque ha comenzado a tener una importante proyecci\u00f3n habitacional para la clase\nmedia y emergente de la regi\u00f3n, en el cual se ha logrado concretar la construcci\u00f3n\nde diversos conjuntos habitacionales en lo que hasta hace poco era un sector de\npredios y parcelas\u201d.<\/p>\n\n\n\n<p>En relaci\u00f3n al proyecto \u201cReposici\u00f3n\nde Veredas Poblaci\u00f3n 18 Septiembre\u201d, seg\u00fan lo informado en el trabajo de\ncomisiones cabe destacar que considera la reposici\u00f3n de m\u00e1s de 23.000 metros\ncuadrados de veredas y comprende el per\u00edmetro de Avenida Salvador Allende por\nel norte, Thomas Cochrane y Ram\u00f3n Carnicer por el sur, Arturo Prat por el\noriente y Eusebio Lillo por el poniente.<\/p>\n\n\n\n<p>El consejero Ram\u00f3n Lobos, &nbsp;valor\u00f3 esta iniciativa \u201cgran parte de la\npoblaci\u00f3n de ese sector son adultos mayores que requieren poder desplazarse en forma\nsegura y tranquila y contar con verdes. Este proyecto es un pilar b\u00e1sico para dar\nrespuesta a sus necesidades y requerimientos\u201d.<\/p>\n\n\n\n<p>Finalmente la consejera Roxana\nGallardo, coment\u00f3 \u201cse trata de una importante inversi\u00f3n de recursos para una de\nlas poblaciones m\u00e1s antiguas de Punta Arenas en la cual viven muchos adultos\nmayores y para ellos, el poder salir a caminar sin tener la preocupaci\u00f3n&nbsp; de caerse o fracturarse es primordial por tanto\nes plata muy bien gastada. El tener veredas en buen estado mejora la calidad de\nvida de las personas\u201d, concluy\u00f3. <\/p>\n","protected":false},"excerpt":{"rendered":"<p>Por unanimidad el Consejo Regional de Magallanes y de la Ant\u00e1rtica Chilena aprob\u00f3 este mi\u00e9rcoles importantes recursos provenientes de los fondos FNDR 2020 para dos proyectos que mejorar\u00e1n la infraestructura&#8230; <a class=\"read-more\" href=\"https:\/\/www.radiopresidenteibanez.cl\/web\/core-aprobo-recursos-para-mejoramiento-de-calle-enrique-abello-y-reposicion-de-veredas-en-la-poblacion-18-de-septiembre-punta-arenas\/\">Leer m\u00e1s<\/a><\/p>\n","protected":false},"author":2,"featured_media":13567,"comment_status":"closed","ping_status":"closed","sticky":false,"template":"","format":"standard","meta":{"footnotes":""},"categories":[1],"tags":[],"class_list":["post-13581","post","type-post","status-publish","format-standard","has-post-thumbnail","hentry","category-cronica"],"_links":{"self":[{"href":"https:\/\/www.radiopresidenteibanez.cl\/web\/wp-json\/wp\/v2\/posts\/13581","targetHints":{"allow":["GET"]}}],"collection":[{"href":"https:\/\/www.radiopresidenteibanez.cl\/web\/wp-json\/wp\/v2\/posts"}],"about":[{"href":"https:\/\/www.radiopresidenteibanez.cl\/web\/wp-json\/wp\/v2\/types\/post"}],"author":[{"embeddable":true,"href":"https:\/\/www.radiopresidenteibanez.cl\/web\/wp-json\/wp\/v2\/users\/2"}],"replies":[{"embeddable":true,"href":"https:\/\/www.radiopresidenteibanez.cl\/web\/wp-json\/wp\/v2\/comments?post=13581"}],"version-history":[{"count":0,"href":"https:\/\/www.radiopresidenteibanez.cl\/web\/wp-json\/wp\/v2\/posts\/13581\/revisions"}],"wp:featuredmedia":[{"embeddable":true,"href":"https:\/\/www.radiopresidenteibanez.cl\/web\/wp-json\/wp\/v2\/media\/13567"}],"wp:attachment":[{"href":"https:\/\/www.radiopresidenteibanez.cl\/web\/wp-json\/wp\/v2\/media?parent=13581"}],"wp:term":[{"taxonomy":"category","embeddable":true,"href":"https:\/\/www.radiopresidenteibanez.cl\/web\/wp-json\/wp\/v2\/categories?post=13581"},{"taxonomy":"post_tag","embeddable":true,"href":"https:\/\/www.radiopresidenteibanez.cl\/web\/wp-json\/wp\/v2\/tags?post=13581"}],"curies":[{"name":"wp","href":"https:\/\/api.w.org\/{rel}","templated":true}]}}