{"id":13578,"date":"2020-07-24T01:51:35","date_gmt":"2020-07-24T01:51:35","guid":{"rendered":"https:\/\/www.radiopresidenteibanez.cl\/web\/?p=13578"},"modified":"2020-07-24T01:51:39","modified_gmt":"2020-07-24T01:51:39","slug":"pulso-sindical-diario-de-la-cgt-chile","status":"publish","type":"post","link":"https:\/\/www.radiopresidenteibanez.cl\/web\/pulso-sindical-diario-de-la-cgt-chile\/","title":{"rendered":"PULSO SINDICAL DIARIO DE LA CGT CHILE"},"content":{"rendered":"\n<p>\u00ab&#8230; El 11 muy de ma\u00f1ana, sabiendo lo que pasaba,\nfuiste el primero en la lucha con coraz\u00f3n y metralla.<\/p>\n\n\n\n<p>Angel Parra<\/p>\n\n\n\n<p>*****<\/p>\n\n\n\n<p>1.- Cuando hemos dicho a nuestros compa\u00f1eros y amigos que\nnuestra organizaci\u00f3n&nbsp; sigue activa, no\nmentimos.<\/p>\n\n\n\n<p>Son cientos las consultas que han llegado al wasap +56 9\n84495328 desde que tuvimos que cerrar la sede el 26 de marzo y todas ellas han\nsido respondidas, tanto las de afiliados como de no afiliados a nuestra CGT. <\/p>\n\n\n\n<p>Se ha logrado participar en mediaciones y negociaciones\ncolectivas virtuales, en distintas ciudades y regiones del pa\u00eds e incluso se\nhan conseguido avances que no se esperaban, todo esto principalmente por qu\u00e9\ndirigentes y trabajadores han tenido confianza en el equipo asesor encabezado\npor nuestro presidente y cumplido rigurosamente&nbsp;\nlas instrucciones que se han entregado.<\/p>\n\n\n\n<p>Nuestras opiniones escritas y audios diarios llegan a\ncientos de organizaciones y nos enorgullecen todos los comentarios, as\u00ed como\nlos agradecimientos por lo que estamos haciendo.&nbsp; Lo sentimos como un deber y estamos\norgullosos de mantener activa y funcionando nuestra Confederaci\u00f3n General de\nTrabajadores.<\/p>\n\n\n\n<p>Queremos destacar, la r\u00e1pida respuesta que han tenido\naquellos que consultan con nuestro asesor previsional, c\u00f3mo iniciar sus\ntr\u00e1mites de pensiones por edad, cuotas mortuorias y pensiones de sobrevivencia,\nque recibe nuestro asesor previsional.&nbsp; <\/p>\n\n\n\n<p>Aprovechamos de contarles &nbsp;que se ha habilitado el wasap +56 9 95133092,\ndonde podr\u00e1n hacer todas las consultas que quieran sobre estos y otros asuntos\nque les&nbsp; preocupen.<\/p>\n\n\n\n<p>La educaci\u00f3n sobre los derechos y la comunicaci\u00f3n permanente\ncon las bases, engrandecen a la organizaci\u00f3n.<\/p>\n\n\n\n<p>2.- Es probable que existan las 3 clases sociales de las que\nse habla e incluso todas las sub clases que se desprenden de cada una de\nellas.&nbsp; Y sin embargo, sigo convencido\nque las cosas se remiten a una cuesti\u00f3n bien simple.<\/p>\n\n\n\n<p>Desde que en el mundo unos tuvieron m\u00e1s recursos que otros y\naprovecharon estos recursos para construir palacios, armar ej\u00e9rcitos y explotar\nla fuerza de trabajo de los que poco o nada ten\u00edan ni tienen, se instalaron en\nlas sociedades 2 clases.<\/p>\n\n\n\n<p>Los pobres y los ricos, los abusadores y los abusados, o en\npalabras del sistema la clase alta y la clase baja.<\/p>\n\n\n\n<p>Todo lo dem\u00e1s son creaciones de los que tienen el poder para\naplacar y hasta anular las ansias de cambio social.<\/p>\n\n\n\n<p>Han convencido a muchos, que la pobreza se puede superar si\nse trabaja como animal, polifuncionalizado y con flexibilidad, renunciando a\nderechos como la jornada diaria continua y el descanso dominical, la vida de\nhogar y la organizaci\u00f3n sindical y barrial.<\/p>\n\n\n\n<p>Seguiremos creyendo en la igualdad y el respeto como valores\nfundamentales, la eliminaci\u00f3n de la riqueza y el t\u00e9rmino de los vicios y\ncostumbres que nos han hecho dividirnos entre pobres y ricos.<\/p>\n\n\n\n<p>Somos sindicalistas, somos clase trabajadora.<\/p>\n\n\n\n<p>*****<\/p>\n\n\n\n<p>Educar &#8211; Organizar &#8211; Luchar<\/p>\n\n\n\n<p>MANUEL AHUMADA LILLO<\/p>\n\n\n\n<p>Secretario CGT CHILE<\/p>\n","protected":false},"excerpt":{"rendered":"<p>\u00ab&#8230; El 11 muy de ma\u00f1ana, sabiendo lo que pasaba, fuiste el primero en la lucha con coraz\u00f3n y metralla. Angel Parra ***** 1.- Cuando hemos dicho a nuestros compa\u00f1eros&#8230; <a class=\"read-more\" href=\"https:\/\/www.radiopresidenteibanez.cl\/web\/pulso-sindical-diario-de-la-cgt-chile\/\">Leer m\u00e1s<\/a><\/p>\n","protected":false},"author":2,"featured_media":13579,"comment_status":"closed","ping_status":"closed","sticky":false,"template":"","format":"standard","meta":{"footnotes":""},"categories":[48],"tags":[],"class_list":["post-13578","post","type-post","status-publish","format-standard","has-post-thumbnail","hentry","category-pulso-sindical-diario"],"_links":{"self":[{"href":"https:\/\/www.radiopresidenteibanez.cl\/web\/wp-json\/wp\/v2\/posts\/13578","targetHints":{"allow":["GET"]}}],"collection":[{"href":"https:\/\/www.radiopresidenteibanez.cl\/web\/wp-json\/wp\/v2\/posts"}],"about":[{"href":"https:\/\/www.radiopresidenteibanez.cl\/web\/wp-json\/wp\/v2\/types\/post"}],"author":[{"embeddable":true,"href":"https:\/\/www.radiopresidenteibanez.cl\/web\/wp-json\/wp\/v2\/users\/2"}],"replies":[{"embeddable":true,"href":"https:\/\/www.radiopresidenteibanez.cl\/web\/wp-json\/wp\/v2\/comments?post=13578"}],"version-history":[{"count":0,"href":"https:\/\/www.radiopresidenteibanez.cl\/web\/wp-json\/wp\/v2\/posts\/13578\/revisions"}],"wp:featuredmedia":[{"embeddable":true,"href":"https:\/\/www.radiopresidenteibanez.cl\/web\/wp-json\/wp\/v2\/media\/13579"}],"wp:attachment":[{"href":"https:\/\/www.radiopresidenteibanez.cl\/web\/wp-json\/wp\/v2\/media?parent=13578"}],"wp:term":[{"taxonomy":"category","embeddable":true,"href":"https:\/\/www.radiopresidenteibanez.cl\/web\/wp-json\/wp\/v2\/categories?post=13578"},{"taxonomy":"post_tag","embeddable":true,"href":"https:\/\/www.radiopresidenteibanez.cl\/web\/wp-json\/wp\/v2\/tags?post=13578"}],"curies":[{"name":"wp","href":"https:\/\/api.w.org\/{rel}","templated":true}]}}