{"id":13574,"date":"2020-07-24T01:45:50","date_gmt":"2020-07-24T01:45:50","guid":{"rendered":"https:\/\/www.radiopresidenteibanez.cl\/web\/?p=13574"},"modified":"2020-07-24T01:45:54","modified_gmt":"2020-07-24T01:45:54","slug":"diputado-bianchi-por-retiro-de-fondos-previsionales-al-pueblo-lo-que-es-del-pueblo","status":"publish","type":"post","link":"https:\/\/www.radiopresidenteibanez.cl\/web\/diputado-bianchi-por-retiro-de-fondos-previsionales-al-pueblo-lo-que-es-del-pueblo\/","title":{"rendered":"DIPUTADO BIANCHI POR RETIRO DE FONDOS PREVISIONALES: \u201cAL PUEBLO LO QUE ES DEL PUEBLO\u201d"},"content":{"rendered":"\n<p>El proyecto presentado por el\ndiputado independiente que permite el retiro del 10% de los fondos\nprevisionales, fue aprobado hoy en la C\u00e1mara de Diputados quedando listo para\nsu promulgaci\u00f3n.<\/p>\n\n\n\n<p>\u201cEsto es historia. Esta es la\nReforma Constitucional no de los partidos pol\u00edticos, ni de ning\u00fan\nparlamentario, es del clamor ciudadano. Del que con dignidad y recobrando la\nesperanza puso de rodillas a un Gobierno indolente, ineficiente e inhumano\u201d,\nexpres\u00f3 el diputado magall\u00e1nico.<\/p>\n\n\n\n<p>Mediante un comunicado, el Gobierno\ninform\u00f3 que este viernes el presidente Sebasti\u00e1n Pi\u00f1era promulgar\u00e1 el proyecto,\ndesechando la posibilidad de que el mandatario pudiera vetar la iniciativa o\nacudir al Tribunal Constitucional.<\/p>\n\n\n\n<p>El texto que fue aprobado por\nambas c\u00e1maras, indica que el&nbsp;retiro ser\u00e1 voluntario con un tope m\u00e1ximo de\nhasta 150 UF (alrededor de 4,3 millones de pesos) y un m\u00ednimo de 35 UF (un\nmill\u00f3n de pesos aproximadamente). Si el 10% de los fondos de un trabajador es\nmenor a 35 UF, podr\u00e1 retirar hasta la totalidad de sus ahorros.<\/p>\n\n\n\n<p>El parlamentario explica que\ncon esta reforma se instala el principio de universalidad, por lo que todos los\nafiliados del sistema privado de pensiones que tengan fondos podr\u00e1n hacer el\nretiro, \u201ctodas y todos, sin letra chica, sin impuestos ni comisiones\u201d.<\/p>\n\n\n\n<p>\u201cHaciendo eco de un clamor\nciudadano, impulsamos este proyecto, instalando un cambio en un modelo de\nsociedad que nos impusieron unos pocos y es hist\u00f3rico, el 10% se ha\ntransformado en un s\u00edmbolo de resistencia y de lucha por una vida digna\u201d,\nmanifest\u00f3 el diputado regionalista.<\/p>\n\n\n\n<p>El proyecto se\u00f1ala que&nbsp;los afiliados podr\u00e1n solicitar el retiro de\nsus fondos previsionales hasta 365 d\u00edas despu\u00e9s de publicada la reforma,\nindependiente de la vigencia del Estado de Excepci\u00f3n Constitucional de\nCat\u00e1strofe decretado por la pandemia.<\/p>\n\n\n\n<p>El 50% de los fondos solicitados por el afiliado se entregar\u00e1n en un\nm\u00e1ximo de 10 d\u00edas h\u00e1biles desde la presentaci\u00f3n de la solicitud en la\nAFP&nbsp;y el otro 50%, en un m\u00e1ximo de 30 d\u00edas h\u00e1biles a contar del desembolso\nanterior.<\/p>\n\n\n\n<p>\u201cCon esta reforma los chilenos pueden tener esperanza, no solo de pedir\nlo que les pertenece, de una paup\u00e9rrima pensi\u00f3n, sino porque por primera vez\nfueron escuchados y fueron protagonistas de un cambio real\u201d, manifest\u00f3 el\nparlamentario.<\/p>\n\n\n\n<p>Asimismo, se\u00f1al\u00f3 que \u201choy la democracia y la dignidad caminan por la\nmisma vereda\u201d, y finaliz\u00f3 agradeciendo a los chilenos \u201cpor hacer posible la\nesperanza de cambiar un pa\u00eds cansado de injusticia y desigualdad, al pueblo lo\nque es del pueblo\u201d.<\/p>\n","protected":false},"excerpt":{"rendered":"<p>El proyecto presentado por el diputado independiente que permite el retiro del 10% de los fondos previsionales, fue aprobado hoy en la C\u00e1mara de Diputados quedando listo para su promulgaci\u00f3n&#8230;. <a class=\"read-more\" href=\"https:\/\/www.radiopresidenteibanez.cl\/web\/diputado-bianchi-por-retiro-de-fondos-previsionales-al-pueblo-lo-que-es-del-pueblo\/\">Leer m\u00e1s<\/a><\/p>\n","protected":false},"author":2,"featured_media":13280,"comment_status":"closed","ping_status":"closed","sticky":false,"template":"","format":"standard","meta":{"footnotes":""},"categories":[1],"tags":[],"class_list":["post-13574","post","type-post","status-publish","format-standard","has-post-thumbnail","hentry","category-cronica"],"_links":{"self":[{"href":"https:\/\/www.radiopresidenteibanez.cl\/web\/wp-json\/wp\/v2\/posts\/13574","targetHints":{"allow":["GET"]}}],"collection":[{"href":"https:\/\/www.radiopresidenteibanez.cl\/web\/wp-json\/wp\/v2\/posts"}],"about":[{"href":"https:\/\/www.radiopresidenteibanez.cl\/web\/wp-json\/wp\/v2\/types\/post"}],"author":[{"embeddable":true,"href":"https:\/\/www.radiopresidenteibanez.cl\/web\/wp-json\/wp\/v2\/users\/2"}],"replies":[{"embeddable":true,"href":"https:\/\/www.radiopresidenteibanez.cl\/web\/wp-json\/wp\/v2\/comments?post=13574"}],"version-history":[{"count":0,"href":"https:\/\/www.radiopresidenteibanez.cl\/web\/wp-json\/wp\/v2\/posts\/13574\/revisions"}],"wp:featuredmedia":[{"embeddable":true,"href":"https:\/\/www.radiopresidenteibanez.cl\/web\/wp-json\/wp\/v2\/media\/13280"}],"wp:attachment":[{"href":"https:\/\/www.radiopresidenteibanez.cl\/web\/wp-json\/wp\/v2\/media?parent=13574"}],"wp:term":[{"taxonomy":"category","embeddable":true,"href":"https:\/\/www.radiopresidenteibanez.cl\/web\/wp-json\/wp\/v2\/categories?post=13574"},{"taxonomy":"post_tag","embeddable":true,"href":"https:\/\/www.radiopresidenteibanez.cl\/web\/wp-json\/wp\/v2\/tags?post=13574"}],"curies":[{"name":"wp","href":"https:\/\/api.w.org\/{rel}","templated":true}]}}