{"id":13572,"date":"2020-07-24T01:44:31","date_gmt":"2020-07-24T01:44:31","guid":{"rendered":"https:\/\/www.radiopresidenteibanez.cl\/web\/?p=13572"},"modified":"2020-07-24T01:44:37","modified_gmt":"2020-07-24T01:44:37","slug":"diputado-bianchi-contra-pinera-por-veto-a-proyecto-de-servicios-basicos-debemos-asegurar-estos-servicios-por-ley-y-no-por-acuerdo-entre-amigos","status":"publish","type":"post","link":"https:\/\/www.radiopresidenteibanez.cl\/web\/diputado-bianchi-contra-pinera-por-veto-a-proyecto-de-servicios-basicos-debemos-asegurar-estos-servicios-por-ley-y-no-por-acuerdo-entre-amigos\/","title":{"rendered":"DIPUTADO BIANCHI CONTRA PI\u00d1ERA POR VETO A PROYECTO DE SERVICIOS B\u00c1SICOS: \u201cDEBEMOS ASEGURAR ESTOS SERVICIOS POR LEY Y NO POR ACUERDO ENTRE AMIGOS\u201d"},"content":{"rendered":"\n<p>La C\u00e1mara de Diputados&nbsp;rechaz\u00f3 por 109 votos a\nfavor, 31 en contra y 12 abstenciones, el veto presidencial&nbsp;para el\nproyecto que suspende el corte de servicios b\u00e1sicos durante la pandemia.<\/p>\n\n\n\n<p>El diputado independiente afirm\u00f3 que el veto\npresidencial es la \u201cherramienta predilecta de un monarca disfrazado de\npresidente, un monarca que decidi\u00f3 ir en contra de su propio pueblo, neg\u00e1ndole\nlos servicios b\u00e1sicos\u201d.<\/p>\n\n\n\n<p>Hace poco m\u00e1s de un mes se firm\u00f3 el veto al\nproyecto de \u201cServicios B\u00e1sicos\u201d, considerado innecesario por La Moneda. La\nmedida del Gobierno fue rechazada por la Comisi\u00f3n de Econom\u00eda de la C\u00e1mara\nBaja.<\/p>\n\n\n\n<p>Los parlamentarios aprobaron insistir con el\nproyecto tal como hab\u00eda sido despachado desde el Congreso, por lo que tendr\u00e1\nque volver a ser votado en el Senado, y el procedimiento establece que,&nbsp;si\nlas y los senadores rechazan el veto y respaldan las insistencias tal como en\nla C\u00e1mara, \u00e9stas se enviar\u00e1n al presidente de la Rep\u00fablica para que sean\npromulgadas en la ley correspondiente.<\/p>\n\n\n\n<p>Por el contrario, si el Senado aprobara alguna\nobservaci\u00f3n del Gobierno o no alcanzara el qu\u00f3rum necesario para aprobar insistencias\nque s\u00ed fueron apoyadas en la C\u00e1mara, se entender\u00e1 que el Congreso no insiste en\nestas partes del proyecto antes aprobado y, en consecuencia, no se promulgar\u00e1\nesa parte de la ley.<\/p>\n\n\n\n<p>El diputado magall\u00e1nico expres\u00f3 que \u201choy debemos\nasegurar los servicios por ley y no por acuerdo entre amigos\u201d y asegur\u00f3 que \u201ces\ntan peligroso el uso arbitrario del veto que le pone l\u00edmite al consumo del\nagua, un elemento vital, que se le dio a empresas extranjeras con ganancias\ngarantizadas\u201d.<\/p>\n\n\n\n<p>Entre las indicaciones estaba que quienes consuman\nm\u00e1s de 15 metros c\u00fabicos de agua,&nbsp;no podr\u00e1n postergar el pago de la deuda,\naunque no sufrir\u00edan cortes de servicio.<\/p>\n\n\n\n<p>Tambi\u00e9n se buscaba vetar la indicaci\u00f3n que\nentregaba acceso a internet de forma gratuita para&nbsp;ni\u00f1os del 60% m\u00e1s\nvulnerable del sistema escolar, medida que se acord\u00f3 con el Ministerio de\nTransportes.<\/p>\n\n\n\n<p>\u201cHoy tenemos la obligaci\u00f3n de decirle al monarca\nque ni un Tribunal Constitucional ni millones de vetos podr\u00e1n contra la\nvoluntad soberana de un pueblo que se cans\u00f3 de su provocaci\u00f3n e inmoralidad\nse\u00f1or Pi\u00f1era\u201d, se\u00f1al\u00f3 el parlamentario.<\/p>\n","protected":false},"excerpt":{"rendered":"<p>La C\u00e1mara de Diputados&nbsp;rechaz\u00f3 por 109 votos a favor, 31 en contra y 12 abstenciones, el veto presidencial&nbsp;para el proyecto que suspende el corte de servicios b\u00e1sicos durante la pandemia&#8230;. <a class=\"read-more\" href=\"https:\/\/www.radiopresidenteibanez.cl\/web\/diputado-bianchi-contra-pinera-por-veto-a-proyecto-de-servicios-basicos-debemos-asegurar-estos-servicios-por-ley-y-no-por-acuerdo-entre-amigos\/\">Leer m\u00e1s<\/a><\/p>\n","protected":false},"author":2,"featured_media":5567,"comment_status":"closed","ping_status":"closed","sticky":false,"template":"","format":"standard","meta":{"footnotes":""},"categories":[1],"tags":[],"class_list":["post-13572","post","type-post","status-publish","format-standard","has-post-thumbnail","hentry","category-cronica"],"_links":{"self":[{"href":"https:\/\/www.radiopresidenteibanez.cl\/web\/wp-json\/wp\/v2\/posts\/13572","targetHints":{"allow":["GET"]}}],"collection":[{"href":"https:\/\/www.radiopresidenteibanez.cl\/web\/wp-json\/wp\/v2\/posts"}],"about":[{"href":"https:\/\/www.radiopresidenteibanez.cl\/web\/wp-json\/wp\/v2\/types\/post"}],"author":[{"embeddable":true,"href":"https:\/\/www.radiopresidenteibanez.cl\/web\/wp-json\/wp\/v2\/users\/2"}],"replies":[{"embeddable":true,"href":"https:\/\/www.radiopresidenteibanez.cl\/web\/wp-json\/wp\/v2\/comments?post=13572"}],"version-history":[{"count":0,"href":"https:\/\/www.radiopresidenteibanez.cl\/web\/wp-json\/wp\/v2\/posts\/13572\/revisions"}],"wp:featuredmedia":[{"embeddable":true,"href":"https:\/\/www.radiopresidenteibanez.cl\/web\/wp-json\/wp\/v2\/media\/5567"}],"wp:attachment":[{"href":"https:\/\/www.radiopresidenteibanez.cl\/web\/wp-json\/wp\/v2\/media?parent=13572"}],"wp:term":[{"taxonomy":"category","embeddable":true,"href":"https:\/\/www.radiopresidenteibanez.cl\/web\/wp-json\/wp\/v2\/categories?post=13572"},{"taxonomy":"post_tag","embeddable":true,"href":"https:\/\/www.radiopresidenteibanez.cl\/web\/wp-json\/wp\/v2\/tags?post=13572"}],"curies":[{"name":"wp","href":"https:\/\/api.w.org\/{rel}","templated":true}]}}