{"id":13566,"date":"2020-07-23T19:58:50","date_gmt":"2020-07-23T19:58:50","guid":{"rendered":"https:\/\/www.radiopresidenteibanez.cl\/web\/?p=13566"},"modified":"2020-07-23T19:58:54","modified_gmt":"2020-07-23T19:58:54","slug":"core-aprobo-ejecucion-de-dos-proyectos-fril-que-mejoraran-escuelas-y-liceos-en-puerto-natales","status":"publish","type":"post","link":"https:\/\/www.radiopresidenteibanez.cl\/web\/core-aprobo-ejecucion-de-dos-proyectos-fril-que-mejoraran-escuelas-y-liceos-en-puerto-natales\/","title":{"rendered":"CORE APROB\u00d3 EJECUCI\u00d3N DE DOS PROYECTOS FRIL QUE MEJORAR\u00c1N ESCUELAS Y LICEOS EN PUERTO NATALES"},"content":{"rendered":"\n<p>El Consejo Regional aprob\u00f3 en\nla sesi\u00f3n plenaria N\u00b015 efectuada este mi\u00e9rcoles, la ejecuci\u00f3n de dos\niniciativas presentadas por el municipio de Puerto Natales que ser\u00e1n&nbsp; financiadas a trav\u00e9s de los recursos del\nFondo Regional de Iniciativa Local (FRIL 2020). <\/p>\n\n\n\n<p>Se trata del proyecto \u201cMejoramiento\nde Liceos y Escuelas Municipales\u201d que considera los liceos B-11, Gabriela Mistral, C-1, Luis Cruz Mart\u00ednez y las escuelas&nbsp; F-2 Nicol\u00e1s Mladinic, G-7 Fronteriza Dorotea\ny &nbsp;la \u201cConservaci\u00f3n Escuelas E-1,\nE-3 y E-5\u201d. Ambos contemplan la reposici\u00f3n\nde pintura en muros y techos de pasillos, aulas, oficinas, ba\u00f1os y bodegas representando\nuna inversi\u00f3n total de 152 millones 889 mil pesos con cargo a los recursos FRIL\nasignados al municipio de Puerto Natales. &nbsp;Para\nla ejecuci\u00f3n de las obras se contempla la contrataci\u00f3n de aproximadamente\ncincuenta personas por cuatro meses, en su mayor\u00eda poblaci\u00f3n que se ha visto\nafectada por la pandemia del COVID-19.<\/p>\n\n\n\n<p>El\npresidente de Infraestructura, Miguel Sierpe, manifest\u00f3 \u201cestando de acuerdo con\nla tranquilidad que significa para muchas personas este trabajo que se ha trasformado\nen una modalidad habitual para los municipios, quisiera sugerir ser m\u00e1s\ningeniosos y buscar la forma de generar empleos dignos con seguridad social, imposiciones\ny respetando los derechos laborales que deben tener los trabajadores, esta debe\nser una herramientas de emergencia\u201d. <\/p>\n\n\n\n<p>Asimismo\nel consejero, Ram\u00f3n Lobos, coment\u00f3 \u201ces importante llegar con recursos a las\nfamilias directamente pero tambi\u00e9n lo es que los recursos FRIL consideren la\nsalvaguarda que estableci\u00f3 la Contralor\u00eda en la revisi\u00f3n a efectuada el a\u00f1o\n2016 a la municipalidad de Punta Arenas, en el sentido que se privilegie un listado\nde personas cesantes a trav\u00e9s de la Omil y no a los contactos de alguien o\npitutos, el estar en pandemia no&nbsp; impide\ntomar los resguardos\u201d, insisti\u00f3. <\/p>\n\n\n\n<p>Finalmente\nla consejera, Roxana Gallardo, argument\u00f3 \u201clas iniciativas FRIL van en directo\napoyo a las familias que lo est\u00e1n pasando muy mal en este momento ya que representan\nuna posibilidad de trabajo. Las personas que acceden a estos puestos de trabajo\nson obreros, due\u00f1as de casa y personas que muchas veces no tienen una profesi\u00f3n\ny no cuentan con las herramientas necesarias para acceder a otro empleo, as\u00ed\nque me alegra aprobar estos recursos\u201d, concluy\u00f3. <\/p>\n","protected":false},"excerpt":{"rendered":"<p>El Consejo Regional aprob\u00f3 en la sesi\u00f3n plenaria N\u00b015 efectuada este mi\u00e9rcoles, la ejecuci\u00f3n de dos iniciativas presentadas por el municipio de Puerto Natales que ser\u00e1n&nbsp; financiadas a trav\u00e9s de&#8230; <a class=\"read-more\" href=\"https:\/\/www.radiopresidenteibanez.cl\/web\/core-aprobo-ejecucion-de-dos-proyectos-fril-que-mejoraran-escuelas-y-liceos-en-puerto-natales\/\">Leer m\u00e1s<\/a><\/p>\n","protected":false},"author":2,"featured_media":13567,"comment_status":"closed","ping_status":"closed","sticky":false,"template":"","format":"standard","meta":{"footnotes":""},"categories":[1],"tags":[],"class_list":["post-13566","post","type-post","status-publish","format-standard","has-post-thumbnail","hentry","category-cronica"],"_links":{"self":[{"href":"https:\/\/www.radiopresidenteibanez.cl\/web\/wp-json\/wp\/v2\/posts\/13566","targetHints":{"allow":["GET"]}}],"collection":[{"href":"https:\/\/www.radiopresidenteibanez.cl\/web\/wp-json\/wp\/v2\/posts"}],"about":[{"href":"https:\/\/www.radiopresidenteibanez.cl\/web\/wp-json\/wp\/v2\/types\/post"}],"author":[{"embeddable":true,"href":"https:\/\/www.radiopresidenteibanez.cl\/web\/wp-json\/wp\/v2\/users\/2"}],"replies":[{"embeddable":true,"href":"https:\/\/www.radiopresidenteibanez.cl\/web\/wp-json\/wp\/v2\/comments?post=13566"}],"version-history":[{"count":0,"href":"https:\/\/www.radiopresidenteibanez.cl\/web\/wp-json\/wp\/v2\/posts\/13566\/revisions"}],"wp:featuredmedia":[{"embeddable":true,"href":"https:\/\/www.radiopresidenteibanez.cl\/web\/wp-json\/wp\/v2\/media\/13567"}],"wp:attachment":[{"href":"https:\/\/www.radiopresidenteibanez.cl\/web\/wp-json\/wp\/v2\/media?parent=13566"}],"wp:term":[{"taxonomy":"category","embeddable":true,"href":"https:\/\/www.radiopresidenteibanez.cl\/web\/wp-json\/wp\/v2\/categories?post=13566"},{"taxonomy":"post_tag","embeddable":true,"href":"https:\/\/www.radiopresidenteibanez.cl\/web\/wp-json\/wp\/v2\/tags?post=13566"}],"curies":[{"name":"wp","href":"https:\/\/api.w.org\/{rel}","templated":true}]}}