{"id":13563,"date":"2020-07-23T19:55:34","date_gmt":"2020-07-23T19:55:34","guid":{"rendered":"https:\/\/www.radiopresidenteibanez.cl\/web\/?p=13563"},"modified":"2020-07-23T19:55:39","modified_gmt":"2020-07-23T19:55:39","slug":"pdi-incauto-mas-de-50-libros-en-local-de-puerto-natales","status":"publish","type":"post","link":"https:\/\/www.radiopresidenteibanez.cl\/web\/pdi-incauto-mas-de-50-libros-en-local-de-puerto-natales\/","title":{"rendered":"PDI INCAUT\u00d3 M\u00c1S DE 50 LIBROS EN LOCAL DE PUERTO NATALES"},"content":{"rendered":"\n<p>Detectives de la Brigada de Investigaci\u00f3n Criminal\n(Bicrim) de Puerto Natales incautaron m\u00e1s de cincuenta textos presuntamente\nfalsificados, desde una c\u00e9ntrica tienda ubicada en la capital de la provincia\nde \u00daltima Esperanza, a ra\u00edz de una investigaci\u00f3n realizada en coordinaci\u00f3n con\nel Ministerio P\u00fablico.<\/p>\n\n\n\n<p>Desde la Bicrim se\u00f1alaron que las diligencias se\ngeneraron en virtud a una orden de investigar emanada de la Fiscal\u00eda Local de\nPuerto Natales por el delito de infracci\u00f3n a la ley de propiedad intelectual, a\nra\u00edz de una querella criminal presentada por un grupo editorial con asiento en\nla regi\u00f3n Metropolitana, en la que se\u00f1alaban que en un local de Puerto Natales\nse estar\u00edan comercializando libros presuntamente falsificados, de las\neditoriales que ellos representan. <\/p>\n\n\n\n<p>\u201cDe esta manera, detectives de la Bicrim de Puerto\nNatales concurrieron hasta un local c\u00e9ntrico &nbsp;constatando que efectivamente manten\u00edan una\ndiversidad de libros de diferentes t\u00edtulos, autores y editoriales que revest\u00edan\ncaracter\u00edsticas inferiores en calidad, resoluci\u00f3n, fidelidad, adem\u00e1s de un\ncosto muy inferior al que deber\u00eda corresponder a ejemplares originales\u201d,\ndetall\u00f3 el subprefecto Cristian Robledo, jefe de la Bicrim de Puerto Natales. <\/p>\n\n\n\n<p>Fue as\u00ed, que este mi\u00e9rcoles la PDI incaut\u00f3 56 libros,\ncuyo valor asciende al medio mill\u00f3n de pesos y los antecedentes fueron puestos\na disposici\u00f3n del Ministerio P\u00fablico. En tanto, la encargada de la tienda,\nqued\u00f3 en libertad previo apercibimiento del art\u00edculo 26 del C\u00f3digo Procesal\nPenal. <\/p>\n","protected":false},"excerpt":{"rendered":"<p>Detectives de la Brigada de Investigaci\u00f3n Criminal (Bicrim) de Puerto Natales incautaron m\u00e1s de cincuenta textos presuntamente falsificados, desde una c\u00e9ntrica tienda ubicada en la capital de la provincia de&#8230; <a class=\"read-more\" href=\"https:\/\/www.radiopresidenteibanez.cl\/web\/pdi-incauto-mas-de-50-libros-en-local-de-puerto-natales\/\">Leer m\u00e1s<\/a><\/p>\n","protected":false},"author":2,"featured_media":13564,"comment_status":"closed","ping_status":"closed","sticky":false,"template":"","format":"standard","meta":{"footnotes":""},"categories":[1],"tags":[],"class_list":["post-13563","post","type-post","status-publish","format-standard","has-post-thumbnail","hentry","category-cronica"],"_links":{"self":[{"href":"https:\/\/www.radiopresidenteibanez.cl\/web\/wp-json\/wp\/v2\/posts\/13563","targetHints":{"allow":["GET"]}}],"collection":[{"href":"https:\/\/www.radiopresidenteibanez.cl\/web\/wp-json\/wp\/v2\/posts"}],"about":[{"href":"https:\/\/www.radiopresidenteibanez.cl\/web\/wp-json\/wp\/v2\/types\/post"}],"author":[{"embeddable":true,"href":"https:\/\/www.radiopresidenteibanez.cl\/web\/wp-json\/wp\/v2\/users\/2"}],"replies":[{"embeddable":true,"href":"https:\/\/www.radiopresidenteibanez.cl\/web\/wp-json\/wp\/v2\/comments?post=13563"}],"version-history":[{"count":0,"href":"https:\/\/www.radiopresidenteibanez.cl\/web\/wp-json\/wp\/v2\/posts\/13563\/revisions"}],"wp:featuredmedia":[{"embeddable":true,"href":"https:\/\/www.radiopresidenteibanez.cl\/web\/wp-json\/wp\/v2\/media\/13564"}],"wp:attachment":[{"href":"https:\/\/www.radiopresidenteibanez.cl\/web\/wp-json\/wp\/v2\/media?parent=13563"}],"wp:term":[{"taxonomy":"category","embeddable":true,"href":"https:\/\/www.radiopresidenteibanez.cl\/web\/wp-json\/wp\/v2\/categories?post=13563"},{"taxonomy":"post_tag","embeddable":true,"href":"https:\/\/www.radiopresidenteibanez.cl\/web\/wp-json\/wp\/v2\/tags?post=13563"}],"curies":[{"name":"wp","href":"https:\/\/api.w.org\/{rel}","templated":true}]}}